{"id":1666,"date":"2025-11-26T22:04:20","date_gmt":"2025-11-26T21:04:20","guid":{"rendered":"https:\/\/www.schule-bewusstsein.com\/Wordpress\/?p=1666"},"modified":"2026-03-12T01:36:27","modified_gmt":"2026-03-12T00:36:27","slug":"text-zur-haltung-reise-in-die-unterwelt","status":"publish","type":"post","link":"https:\/\/www.schule-bewusstsein.com\/Wordpress\/text-zur-haltung-reise-in-die-unterwelt\/","title":{"rendered":"Text zur Haltung &#8222;Reise in die Unterwelt&#8220;"},"content":{"rendered":"<p><strong>Die Reise in die Unterwelt\u00a0 <\/strong><\/p>\n<p><strong>Die drei Welten<\/strong><\/p>\n<p>Die wohl aller\u00e4lteste und zugleich einfachste Ordnungs-Gliederung der Welt kommt in allen fr\u00fchen Kulturen vor: eine \u201emittlere Welt\u201c (die Welt der Menschen, Pflanzen und Tiere), die \u201eobere Welt\u201c (auch \u201eOberwelt\u201c: die Welt der Ideen und Visionen) und die \u201euntere Welt\u201c, auch \u201eUnterwelt\u201c (die Welt der Ahnen, der \u201eKraftwesen\u201c oder \u201eKraftgeister\u201c wie Pflanzen- und Tiergeister)<\/p>\n<p><strong>Die Trance<\/strong><\/p>\n<p>Ebenso in allen fr\u00fchen Kulturen verwendeten Menschen zum \u00dcbertreten in andere als die allt\u00e4gliche Wirklichkeiten die Trance. Das Wort \u201eTrance\u201c kommt vom lat. transire und bedeutet hin\u00fcbergehen. Diese urspr\u00fcnglichen Trancen sind Wachtrancen, hei\u00dft, die Trancereisenden sind bei vollem Bewusstsein und wissen, dass sie in Trance sind (im Gegensatz zu den viel sp\u00e4teren \u201ePossessiv-Trancen\u201c, nach denen nahezu jegliche Erinnerungen fehlen).<\/p>\n<p><strong>Das Ritual und der Ritus<\/strong><\/p>\n<p>Jede Form des \u00dcbertrittes braucht eine feste Form, das Ritual. Die Abfolge der Schritte, der Verlauf und das Beenden und Zur\u00fcckf\u00fchren in die Alltagswelt folgen einer \u00fcber Generationen festgelegten rituellen Form. Jede Stammesgemeinschaft pflegte ihre je eigenen Riten \u2013 eine Sammlung von verschiedensten Verhaltensweisen, die zur Stammestradition geh\u00f6ren. Ein Ritual ist eine einzelne, symbolische Handlung mit spezifischer Ausrichtung.<br \/>\nEs gibt zahlreiche Arten von Trancen, die \u201eReise in die Unterwelt\u201c ist \u2013 wie der Name schon sagt \u2013 eine Reisetrance.<\/p>\n<p><strong>Der Stimulus<\/strong><\/p>\n<p>Alle Trancen werden mit Hilfe eines spezifischen Stimulus gestartet und gef\u00fchrt \u2013 die Liste der heute bekannten Stimuli f\u00fcr Trancen ist riesig.<\/p>\n<p>Wir in der Schule f\u00fcr Bewusstsein verwenden f\u00fcr die Jahreszeitenfeste eine traditionelle K\u00fcrbisrassel oder eine Trommel \u2013 die \u00e4ltesten Stimuli f\u00fcr Trancen \u00fcberhaupt. Bei anderen Tranceformen (Drehtanz, Ecstatic Dance, hypnagoge Trancen) sind es passende Musik und die Stimme der Tranceleitenden.<\/p>\n<p><strong>Die (Trance)Reise in die Unterwelt<\/strong><\/p>\n<p>F\u00fcr die Wintersonnwende 2025 bietet sich die Tranceform der \u201eReise in die Unterwelt\u201c an. Entsprechend der l\u00e4ngsten Nacht, dem l\u00e4ngsten Dunkel des Jahres, f\u00fchrt diese Tranceform in die \u201euntere Welt\u201c und letztlich zu einer Begegnung mit dem Urdunkel, dem Urgrund von allem Sein.<\/p>\n<p>Als Stimulus werden zwei Elemente zusammengef\u00fchrt: als akustischen Stimulus die Rassel und danach die Trommel, und als k\u00f6rperlicher Stimulus eine rituelle K\u00f6rperhaltung.<br \/>\nDie aktuelle rituelle K\u00f6rperhaltung f\u00fcr die Wintersonnwende 2025 ist eine aus S\u00fcdamerika stammende Haltung, wie sie Michael Harner von den Jivaro-Indianern in Ecuador beschreibt. Auch Felicitas Goodman benutzte diese und \u00e4hnliche Haltungen f\u00fcr den gleichen Zweck.<\/p>\n<p><strong>Begegnungen in der Unterwelt<\/strong><\/p>\n<p>In der Schule kennen wir zahlreiche Beschreibungen von Erlebnissen und Begegnungen in der Unterwelt, wenn man diese Trancehaltung w\u00e4hrend der Trancereise einnimmt.<\/p>\n<p>Grunds\u00e4tzlich sind alle Erlebnisse individuell einzigartig, dennoch lassen sich klare Gemeinsamkeiten finden. Auch k\u00f6nnen die mitgebrachten Botschaften (= Einsichten aus dem Geschehen in der Trance-Unterwelt) f\u00fcr alle anwesenden Mitreisenden relevant und aussagekr\u00e4ftig sein.<\/p>\n<p>Der Abstieg wird oft als tunnel- oder h\u00f6hlenartig beschrieben, die Unterwelt selbst ist meist v\u00f6llig dunkel oder g\u00e4nzlich stockfinster. Dennoch k\u00f6nnen Gestalten klar oder schemenhaft erscheinen und wir Reisende k\u00f6nnen mit ihnen Kontakt und Begegnung herbeif\u00fchren. Charakteristisch sind Begegnung mit den Ahnen, Geistern und Krafttieren, die dort beheimatet sind und Hilfestellung leisten oder eine Botschaft mitgeben k\u00f6nnen.<\/p>\n<p><strong>Der Wesenskern dieser Trance: Urdunkel und Urlicht. <\/strong><\/p>\n<p>In den Kosmologien nahezu aller fr\u00fchen Kulturen ist der Kern der Unterwelt das vollst\u00e4ndige, immerw\u00e4hrende Dunkel \u2013 das \u201eUr-Dunkel\u201c. Die Namensgebungen unterscheiden sich je Kultur, der Wesenskern ist immer der gleiche. Das Urdunkel ist weiblich und wird als \u201eUr-Geb\u00e4rmutter\u201c gesehen. So schreibt Hyemeyohsts \u201eChuck\u201c Storm in \u201eLightningbolt: Die Weisheit der Medizinr\u00e4der\u201c: \u201eWahkahn ist die Kreatorin Mutter und die gro\u00dfe Null, die Geb\u00e4rmutter, die die gesamte Existenz gebiert\u201c.<\/p>\n<p>Am Ende der Trance verbinden sich die Reisenden im Urdunkel mit den ersten neuen Lichtstrahlen, dem \u201eUrlicht\u201c und steigen wieder in die mittlere Welt, ihre Alltagswelt auf.<\/p>\n<p><strong>Das Feiern der Wintersonnwende in der Schule f\u00fcr Bewusstsein<\/strong><\/p>\n<p>Als Form der \u201ea-religi\u00f6sen R\u00fcckbindung\u201c feiern wir in der Schule diese Feste, um uns wieder in den Zyklus der Jahreszeiten als urspr\u00fcnglichsten nat\u00fcrlichen Zeittakt einzuklinken.<\/p>\n<p>Bei den Kelten hie\u00df die Wintersonnwende \u201eYule\u201c oder \u201eJul-Fest\u201c und markierte im keltischen Kalender den Jahresbeginn des keltischen Sonnenjahres.<\/p>\n<p>Auch die Schule f\u00fcr Bewusstsein feiert die Wintersonnwende, heuer am 21.12.2025 um 16h03. Es ist der astronomisch k\u00fcrzeste Tag und die l\u00e4ngste Nacht im Jahr. Die Wintersonnwende markiert den \u00dcbergang vom Dunkel zum Licht. Danach steigen die Sonnenstunden langsam wieder an, die j\u00e4hrlich wiederkehrende Erneuerung des Lebens beginnt aufs Neue.<\/p>\n","protected":false},"excerpt":{"rendered":"<p>Die Reise in die Unterwelt\u00a0 Die drei Welten Die wohl aller\u00e4lteste und zugleich einfachste Ordnungs-Gliederung der Welt kommt in allen fr\u00fchen Kulturen vor: eine \u201emittlere Welt\u201c (die Welt der Menschen, Pflanzen und Tiere), die \u201eobere Welt\u201c (auch \u201eOberwelt\u201c: die Welt der Ideen und Visionen) und die \u201euntere Welt\u201c, auch \u201eUnterwelt\u201c (die Welt der Ahnen, der [&hellip;]<\/p>\n","protected":false},"author":1,"featured_media":0,"comment_status":"open","ping_status":"open","sticky":false,"template":"","format":"standard","meta":{"site-sidebar-layout":"default","site-content-layout":"","ast-site-content-layout":"default","site-content-style":"default","site-sidebar-style":"default","ast-global-header-display":"","ast-banner-title-visibility":"","ast-main-header-display":"","ast-hfb-above-header-display":"","ast-hfb-below-header-display":"","ast-hfb-mobile-header-display":"","site-post-title":"","ast-breadcrumbs-content":"","ast-featured-img":"","footer-sml-layout":"","ast-disable-related-posts":"","theme-transparent-header-meta":"default","adv-header-id-meta":"","stick-header-meta":"","header-above-stick-meta":"","header-main-stick-meta":"","header-below-stick-meta":"","astra-migrate-meta-layouts":"set","ast-page-background-enabled":"default","ast-page-background-meta":{"desktop":{"background-color":"","background-image":"","background-repeat":"repeat","background-position":"center center","background-size":"auto","background-attachment":"scroll","background-type":"","background-media":"","overlay-type":"","overlay-color":"","overlay-opacity":"","overlay-gradient":""},"tablet":{"background-color":"","background-image":"","background-repeat":"repeat","background-position":"center center","background-size":"auto","background-attachment":"scroll","background-type":"","background-media":"","overlay-type":"","overlay-color":"","overlay-opacity":"","overlay-gradient":""},"mobile":{"background-color":"","background-image":"","background-repeat":"repeat","background-position":"center center","background-size":"auto","background-attachment":"scroll","background-type":"","background-media":"","overlay-type":"","overlay-color":"","overlay-opacity":"","overlay-gradient":""}},"ast-content-background-meta":{"desktop":{"background-color":"var(--ast-global-color-5)","background-image":"","background-repeat":"repeat","background-position":"center center","background-size":"auto","background-attachment":"scroll","background-type":"","background-media":"","overlay-type":"","overlay-color":"","overlay-opacity":"","overlay-gradient":""},"tablet":{"background-color":"var(--ast-global-color-5)","background-image":"","background-repeat":"repeat","background-position":"center center","background-size":"auto","background-attachment":"scroll","background-type":"","background-media":"","overlay-type":"","overlay-color":"","overlay-opacity":"","overlay-gradient":""},"mobile":{"background-color":"var(--ast-global-color-5)","background-image":"","background-repeat":"repeat","background-position":"center center","background-size":"auto","background-attachment":"scroll","background-type":"","background-media":"","overlay-type":"","overlay-color":"","overlay-opacity":"","overlay-gradient":""}},"footnotes":""},"categories":[1,157],"tags":[],"class_list":["post-1666","post","type-post","status-publish","format-standard","hentry","category-allgemein","category-jahresfest"],"yoast_head":"<!-- This site is optimized with the Yoast SEO plugin v27.5 - https:\/\/yoast.com\/product\/yoast-seo-wordpress\/ -->\n<title>Text zur Haltung &quot;Reise in die Unterwelt&quot; - Wiener Schule f\u00fcr Bewusstsein<\/title>\n<meta name=\"robots\" content=\"index, follow, max-snippet:-1, max-image-preview:large, max-video-preview:-1\" \/>\n<link rel=\"canonical\" href=\"https:\/\/www.schule-bewusstsein.com\/Wordpress\/text-zur-haltung-reise-in-die-unterwelt\/\" \/>\n<meta property=\"og:locale\" content=\"de_DE\" \/>\n<meta property=\"og:type\" content=\"article\" \/>\n<meta property=\"og:title\" content=\"Text zur Haltung &quot;Reise in die Unterwelt&quot; - Wiener Schule f\u00fcr Bewusstsein\" \/>\n<meta property=\"og:description\" content=\"Die Reise in die Unterwelt\u00a0 Die drei Welten Die wohl aller\u00e4lteste und zugleich einfachste Ordnungs-Gliederung der Welt kommt in allen fr\u00fchen Kulturen vor: eine \u201emittlere Welt\u201c (die Welt der Menschen, Pflanzen und Tiere), die \u201eobere Welt\u201c (auch \u201eOberwelt\u201c: die Welt der Ideen und Visionen) und die \u201euntere Welt\u201c, auch \u201eUnterwelt\u201c (die Welt der Ahnen, der [&hellip;]\" \/>\n<meta property=\"og:url\" content=\"https:\/\/www.schule-bewusstsein.com\/Wordpress\/text-zur-haltung-reise-in-die-unterwelt\/\" \/>\n<meta property=\"og:site_name\" content=\"Wiener Schule f\u00fcr Bewusstsein\" \/>\n<meta property=\"article:published_time\" content=\"2025-11-26T21:04:20+00:00\" \/>\n<meta property=\"article:modified_time\" content=\"2026-03-12T00:36:27+00:00\" \/>\n<meta name=\"author\" content=\"wordpressadmin\" \/>\n<meta name=\"twitter:card\" content=\"summary_large_image\" \/>\n<meta name=\"twitter:label1\" content=\"Verfasst von\" \/>\n\t<meta name=\"twitter:data1\" content=\"wordpressadmin\" \/>\n\t<meta name=\"twitter:label2\" content=\"Gesch\u00e4tzte Lesezeit\" \/>\n\t<meta name=\"twitter:data2\" content=\"4\u00a0Minuten\" \/>\n<script type=\"application\/ld+json\" class=\"yoast-schema-graph\">{\"@context\":\"https:\\\/\\\/schema.org\",\"@graph\":[{\"@type\":\"Article\",\"@id\":\"https:\\\/\\\/www.schule-bewusstsein.com\\\/Wordpress\\\/text-zur-haltung-reise-in-die-unterwelt\\\/#article\",\"isPartOf\":{\"@id\":\"https:\\\/\\\/www.schule-bewusstsein.com\\\/Wordpress\\\/text-zur-haltung-reise-in-die-unterwelt\\\/\"},\"author\":{\"name\":\"wordpressadmin\",\"@id\":\"https:\\\/\\\/www.schule-bewusstsein.com\\\/Wordpress\\\/#\\\/schema\\\/person\\\/a1cd9df61da100ee6afb917a9c9aedb5\"},\"headline\":\"Text zur Haltung &#8222;Reise in die Unterwelt&#8220;\",\"datePublished\":\"2025-11-26T21:04:20+00:00\",\"dateModified\":\"2026-03-12T00:36:27+00:00\",\"mainEntityOfPage\":{\"@id\":\"https:\\\/\\\/www.schule-bewusstsein.com\\\/Wordpress\\\/text-zur-haltung-reise-in-die-unterwelt\\\/\"},\"wordCount\":751,\"commentCount\":0,\"publisher\":{\"@id\":\"https:\\\/\\\/www.schule-bewusstsein.com\\\/Wordpress\\\/#organization\"},\"articleSection\":{\"1\":\"Jahresfest\"},\"inLanguage\":\"de\",\"potentialAction\":[{\"@type\":\"CommentAction\",\"name\":\"Comment\",\"target\":[\"https:\\\/\\\/www.schule-bewusstsein.com\\\/Wordpress\\\/text-zur-haltung-reise-in-die-unterwelt\\\/#respond\"]}]},{\"@type\":\"WebPage\",\"@id\":\"https:\\\/\\\/www.schule-bewusstsein.com\\\/Wordpress\\\/text-zur-haltung-reise-in-die-unterwelt\\\/\",\"url\":\"https:\\\/\\\/www.schule-bewusstsein.com\\\/Wordpress\\\/text-zur-haltung-reise-in-die-unterwelt\\\/\",\"name\":\"Text zur Haltung \\\"Reise in die Unterwelt\\\" - Wiener Schule f\u00fcr Bewusstsein\",\"isPartOf\":{\"@id\":\"https:\\\/\\\/www.schule-bewusstsein.com\\\/Wordpress\\\/#website\"},\"datePublished\":\"2025-11-26T21:04:20+00:00\",\"dateModified\":\"2026-03-12T00:36:27+00:00\",\"breadcrumb\":{\"@id\":\"https:\\\/\\\/www.schule-bewusstsein.com\\\/Wordpress\\\/text-zur-haltung-reise-in-die-unterwelt\\\/#breadcrumb\"},\"inLanguage\":\"de\",\"potentialAction\":[{\"@type\":\"ReadAction\",\"target\":[\"https:\\\/\\\/www.schule-bewusstsein.com\\\/Wordpress\\\/text-zur-haltung-reise-in-die-unterwelt\\\/\"]}]},{\"@type\":\"BreadcrumbList\",\"@id\":\"https:\\\/\\\/www.schule-bewusstsein.com\\\/Wordpress\\\/text-zur-haltung-reise-in-die-unterwelt\\\/#breadcrumb\",\"itemListElement\":[{\"@type\":\"ListItem\",\"position\":1,\"name\":\"Startseite\",\"item\":\"https:\\\/\\\/www.schule-bewusstsein.com\\\/Wordpress\\\/\"},{\"@type\":\"ListItem\",\"position\":2,\"name\":\"Text zur Haltung &#8222;Reise in die Unterwelt&#8220;\"}]},{\"@type\":\"WebSite\",\"@id\":\"https:\\\/\\\/www.schule-bewusstsein.com\\\/Wordpress\\\/#website\",\"url\":\"https:\\\/\\\/www.schule-bewusstsein.com\\\/Wordpress\\\/\",\"name\":\"Wiener Schule f\u00fcr Bewusstsein\",\"description\":\"\",\"publisher\":{\"@id\":\"https:\\\/\\\/www.schule-bewusstsein.com\\\/Wordpress\\\/#organization\"},\"potentialAction\":[{\"@type\":\"SearchAction\",\"target\":{\"@type\":\"EntryPoint\",\"urlTemplate\":\"https:\\\/\\\/www.schule-bewusstsein.com\\\/Wordpress\\\/?s={search_term_string}\"},\"query-input\":{\"@type\":\"PropertyValueSpecification\",\"valueRequired\":true,\"valueName\":\"search_term_string\"}}],\"inLanguage\":\"de\"},{\"@type\":\"Organization\",\"@id\":\"https:\\\/\\\/www.schule-bewusstsein.com\\\/Wordpress\\\/#organization\",\"name\":\"Wiener Schule f\u00fcr Bewusstsein\",\"url\":\"https:\\\/\\\/www.schule-bewusstsein.com\\\/Wordpress\\\/\",\"logo\":{\"@type\":\"ImageObject\",\"inLanguage\":\"de\",\"@id\":\"https:\\\/\\\/www.schule-bewusstsein.com\\\/Wordpress\\\/#\\\/schema\\\/logo\\\/image\\\/\",\"url\":\"https:\\/\\/www.schule-bewusstsein.com\\/Wordpress\\/wp-content\\/uploads\\/2022\\/02\\/LOGO-Schule-bunt-e1644674888998.png\",\"contentUrl\":\"https:\\/\\/www.schule-bewusstsein.com\\/Wordpress\\/wp-content\\/uploads\\/2022\\/02\\/LOGO-Schule-bunt-e1644674888998.png\",\"width\":500,\"height\":500,\"caption\":\"Wiener Schule f\u00fcr Bewusstsein\"},\"image\":{\"@id\":\"https:\\\/\\\/www.schule-bewusstsein.com\\\/Wordpress\\\/#\\\/schema\\\/logo\\\/image\\\/\"}},{\"@type\":\"Person\",\"@id\":\"https:\\\/\\\/www.schule-bewusstsein.com\\\/Wordpress\\\/#\\\/schema\\\/person\\\/a1cd9df61da100ee6afb917a9c9aedb5\",\"name\":\"wordpressadmin\",\"image\":{\"@type\":\"ImageObject\",\"inLanguage\":\"de\",\"@id\":\"https:\\\/\\\/secure.gravatar.com\\\/avatar\\\/364e1b06778741f8f809346e058b6cbce4ac9d3ec6b22bbe760108adf0892217?s=96&d=mm&r=g\",\"url\":\"https:\\\/\\\/secure.gravatar.com\\\/avatar\\\/364e1b06778741f8f809346e058b6cbce4ac9d3ec6b22bbe760108adf0892217?s=96&d=mm&r=g\",\"contentUrl\":\"https:\\\/\\\/secure.gravatar.com\\\/avatar\\\/364e1b06778741f8f809346e058b6cbce4ac9d3ec6b22bbe760108adf0892217?s=96&d=mm&r=g\",\"caption\":\"wordpressadmin\"},\"url\":\"https:\\\/\\\/www.schule-bewusstsein.com\\\/Wordpress\\\/author\\\/wordpressadmin\\\/\"}]}<\/script>\n<!-- \/ Yoast SEO plugin. -->","yoast_head_json":{"title":"Text zur Haltung \"Reise in die Unterwelt\" - Wiener Schule f\u00fcr Bewusstsein","robots":{"index":"index","follow":"follow","max-snippet":"max-snippet:-1","max-image-preview":"max-image-preview:large","max-video-preview":"max-video-preview:-1"},"canonical":"https:\/\/www.schule-bewusstsein.com\/Wordpress\/text-zur-haltung-reise-in-die-unterwelt\/","og_locale":"de_DE","og_type":"article","og_title":"Text zur Haltung \"Reise in die Unterwelt\" - Wiener Schule f\u00fcr Bewusstsein","og_description":"Die Reise in die Unterwelt\u00a0 Die drei Welten Die wohl aller\u00e4lteste und zugleich einfachste Ordnungs-Gliederung der Welt kommt in allen fr\u00fchen Kulturen vor: eine \u201emittlere Welt\u201c (die Welt der Menschen, Pflanzen und Tiere), die \u201eobere Welt\u201c (auch \u201eOberwelt\u201c: die Welt der Ideen und Visionen) und die \u201euntere Welt\u201c, auch \u201eUnterwelt\u201c (die Welt der Ahnen, der [&hellip;]","og_url":"https:\/\/www.schule-bewusstsein.com\/Wordpress\/text-zur-haltung-reise-in-die-unterwelt\/","og_site_name":"Wiener Schule f\u00fcr Bewusstsein","article_published_time":"2025-11-26T21:04:20+00:00","article_modified_time":"2026-03-12T00:36:27+00:00","author":"wordpressadmin","twitter_card":"summary_large_image","twitter_misc":{"Verfasst von":"wordpressadmin","Gesch\u00e4tzte Lesezeit":"4\u00a0Minuten"},"schema":{"@context":"https:\/\/schema.org","@graph":[{"@type":"Article","@id":"https:\/\/www.schule-bewusstsein.com\/Wordpress\/text-zur-haltung-reise-in-die-unterwelt\/#article","isPartOf":{"@id":"https:\/\/www.schule-bewusstsein.com\/Wordpress\/text-zur-haltung-reise-in-die-unterwelt\/"},"author":{"name":"wordpressadmin","@id":"https:\/\/www.schule-bewusstsein.com\/Wordpress\/#\/schema\/person\/a1cd9df61da100ee6afb917a9c9aedb5"},"headline":"Text zur Haltung &#8222;Reise in die Unterwelt&#8220;","datePublished":"2025-11-26T21:04:20+00:00","dateModified":"2026-03-12T00:36:27+00:00","mainEntityOfPage":{"@id":"https:\/\/www.schule-bewusstsein.com\/Wordpress\/text-zur-haltung-reise-in-die-unterwelt\/"},"wordCount":751,"commentCount":0,"publisher":{"@id":"https:\/\/www.schule-bewusstsein.com\/Wordpress\/#organization"},"articleSection":{"1":"Jahresfest"},"inLanguage":"de","potentialAction":[{"@type":"CommentAction","name":"Comment","target":["https:\/\/www.schule-bewusstsein.com\/Wordpress\/text-zur-haltung-reise-in-die-unterwelt\/#respond"]}]},{"@type":"WebPage","@id":"https:\/\/www.schule-bewusstsein.com\/Wordpress\/text-zur-haltung-reise-in-die-unterwelt\/","url":"https:\/\/www.schule-bewusstsein.com\/Wordpress\/text-zur-haltung-reise-in-die-unterwelt\/","name":"Text zur Haltung \"Reise in die Unterwelt\" - Wiener Schule f\u00fcr Bewusstsein","isPartOf":{"@id":"https:\/\/www.schule-bewusstsein.com\/Wordpress\/#website"},"datePublished":"2025-11-26T21:04:20+00:00","dateModified":"2026-03-12T00:36:27+00:00","breadcrumb":{"@id":"https:\/\/www.schule-bewusstsein.com\/Wordpress\/text-zur-haltung-reise-in-die-unterwelt\/#breadcrumb"},"inLanguage":"de","potentialAction":[{"@type":"ReadAction","target":["https:\/\/www.schule-bewusstsein.com\/Wordpress\/text-zur-haltung-reise-in-die-unterwelt\/"]}]},{"@type":"BreadcrumbList","@id":"https:\/\/www.schule-bewusstsein.com\/Wordpress\/text-zur-haltung-reise-in-die-unterwelt\/#breadcrumb","itemListElement":[{"@type":"ListItem","position":1,"name":"Startseite","item":"https:\/\/www.schule-bewusstsein.com\/Wordpress\/"},{"@type":"ListItem","position":2,"name":"Text zur Haltung &#8222;Reise in die Unterwelt&#8220;"}]},{"@type":"WebSite","@id":"https:\/\/www.schule-bewusstsein.com\/Wordpress\/#website","url":"https:\/\/www.schule-bewusstsein.com\/Wordpress\/","name":"Wiener Schule f\u00fcr Bewusstsein","description":"","publisher":{"@id":"https:\/\/www.schule-bewusstsein.com\/Wordpress\/#organization"},"potentialAction":[{"@type":"SearchAction","target":{"@type":"EntryPoint","urlTemplate":"https:\/\/www.schule-bewusstsein.com\/Wordpress\/?s={search_term_string}"},"query-input":{"@type":"PropertyValueSpecification","valueRequired":true,"valueName":"search_term_string"}}],"inLanguage":"de"},{"@type":"Organization","@id":"https:\/\/www.schule-bewusstsein.com\/Wordpress\/#organization","name":"Wiener Schule f\u00fcr Bewusstsein","url":"https:\/\/www.schule-bewusstsein.com\/Wordpress\/","logo":{"@type":"ImageObject","inLanguage":"de","@id":"https:\/\/www.schule-bewusstsein.com\/Wordpress\/#\/schema\/logo\/image\/","url":"https:\/\/mlrihigbn6vo.i.optimole.com\/w:auto\/h:auto\/q:mauto\/f:best\/ig:avif\/https:\/\/www.schule-bewusstsein.com\/Wordpress\/wp-content\/uploads\/2022\/02\/LOGO-Schule-bunt-e1644674888998.png","contentUrl":"https:\/\/mlrihigbn6vo.i.optimole.com\/w:auto\/h:auto\/q:mauto\/f:best\/ig:avif\/https:\/\/www.schule-bewusstsein.com\/Wordpress\/wp-content\/uploads\/2022\/02\/LOGO-Schule-bunt-e1644674888998.png","width":500,"height":500,"caption":"Wiener Schule f\u00fcr Bewusstsein"},"image":{"@id":"https:\/\/www.schule-bewusstsein.com\/Wordpress\/#\/schema\/logo\/image\/"}},{"@type":"Person","@id":"https:\/\/www.schule-bewusstsein.com\/Wordpress\/#\/schema\/person\/a1cd9df61da100ee6afb917a9c9aedb5","name":"wordpressadmin","image":{"@type":"ImageObject","inLanguage":"de","@id":"https:\/\/secure.gravatar.com\/avatar\/364e1b06778741f8f809346e058b6cbce4ac9d3ec6b22bbe760108adf0892217?s=96&d=mm&r=g","url":"https:\/\/secure.gravatar.com\/avatar\/364e1b06778741f8f809346e058b6cbce4ac9d3ec6b22bbe760108adf0892217?s=96&d=mm&r=g","contentUrl":"https:\/\/secure.gravatar.com\/avatar\/364e1b06778741f8f809346e058b6cbce4ac9d3ec6b22bbe760108adf0892217?s=96&d=mm&r=g","caption":"wordpressadmin"},"url":"https:\/\/www.schule-bewusstsein.com\/Wordpress\/author\/wordpressadmin\/"}]}},"_links":{"self":[{"href":"https:\/\/www.schule-bewusstsein.com\/Wordpress\/wp-json\/wp\/v2\/posts\/1666","targetHints":{"allow":["GET"]}}],"collection":[{"href":"https:\/\/www.schule-bewusstsein.com\/Wordpress\/wp-json\/wp\/v2\/posts"}],"about":[{"href":"https:\/\/www.schule-bewusstsein.com\/Wordpress\/wp-json\/wp\/v2\/types\/post"}],"author":[{"embeddable":true,"href":"https:\/\/www.schule-bewusstsein.com\/Wordpress\/wp-json\/wp\/v2\/users\/1"}],"replies":[{"embeddable":true,"href":"https:\/\/www.schule-bewusstsein.com\/Wordpress\/wp-json\/wp\/v2\/comments?post=1666"}],"version-history":[{"count":2,"href":"https:\/\/www.schule-bewusstsein.com\/Wordpress\/wp-json\/wp\/v2\/posts\/1666\/revisions"}],"predecessor-version":[{"id":1686,"href":"https:\/\/www.schule-bewusstsein.com\/Wordpress\/wp-json\/wp\/v2\/posts\/1666\/revisions\/1686"}],"wp:attachment":[{"href":"https:\/\/www.schule-bewusstsein.com\/Wordpress\/wp-json\/wp\/v2\/media?parent=1666"}],"wp:term":[{"taxonomy":"category","embeddable":true,"href":"https:\/\/www.schule-bewusstsein.com\/Wordpress\/wp-json\/wp\/v2\/categories?post=1666"},{"taxonomy":"post_tag","embeddable":true,"href":"https:\/\/www.schule-bewusstsein.com\/Wordpress\/wp-json\/wp\/v2\/tags?post=1666"}],"curies":[{"name":"wp","href":"https:\/\/api.w.org\/{rel}","templated":true}]}}