{"id":1671,"date":"2025-11-26T22:12:43","date_gmt":"2025-11-26T21:12:43","guid":{"rendered":"https:\/\/www.schule-bewusstsein.com\/Wordpress\/?p=1671"},"modified":"2025-11-26T22:12:43","modified_gmt":"2025-11-26T21:12:43","slug":"das-integrale-bewusstsein-nach-jean-gebser-2","status":"publish","type":"post","link":"https:\/\/www.schule-bewusstsein.com\/Wordpress\/das-integrale-bewusstsein-nach-jean-gebser-2\/","title":{"rendered":"Das integrale Bewusstsein nach Jean Gebser"},"content":{"rendered":"<p><strong>Wiener Schule f\u00fcr Bewusstsein\u00a0<\/strong><\/p>\n<p><strong>Das integrale Bewusstsein nach Jean Gebser<\/strong><\/p>\n<p><strong>\u00a0<\/strong>Jean Gebser [1] geht von der Grundannahme aus, dass sich vier Bewusstseinsstrukturen nachweisen lassen, die den heutigen Menschen konstituieren und die in der Kulturgeschichte der Menschheit aufeinanderfolgend in Erscheinung traten. Er nennt die Bewusstseinsstrukturen die archaische, die magische, die mythische und die mentale Struktur. Keine dieser Strukturen ist besser oder h\u00f6her als eine der anderen. Sie sind einfach grundlegend anders. Alle Bewusstseinsstrukturen sind jedoch auch heute noch in jedem Menschen als unterschiedlich ausgepr\u00e4gt wirkende Anlage vorhanden.<\/p>\n<p>In jeder Bewusstseinsstruktur geschehen im Laufe der Zeit sprunghafte, diskontinuierliche und disruptive Wandlungen der Bewusstseinsstrukturen. Sobald eine Struktur sich defizient und damit destruktiv auszuwirken beginnt, gelangt eine andere Bewusstseinsstruktur zum Durchbruch, die keine kontinuierliche Fortf\u00fchrung der alten Struktur, sondern etwas vollkommen Neues ist.<\/p>\n<p>Jede Struktur entdeckt eine Seins-Dimension neu und ist mit einer bestimmten Sicht auf die Welt und einer spezifischen inneren Haltung verbunden, mit der wir die dazugeh\u00f6rige Wirklichkeit und unser Handeln in der Welt bestimmen.<\/p>\n<p>Heute befinden wir uns in einem Zeitalter gro\u00dfer Transformationen. Diese f\u00fchren \u2013 nach Gebser \u2013 letztlich zum Durchbruch einer neuen Bewusstseinsstruktur: das <strong>integrale Bewusstsein [2]<\/strong>. Das Besondere an der neuen Bewusstseinsstruktur ist, dass alle vorhergehenden Bewusstseinsstrukturen gleichzeitig sichtbar werden. Dadurch wird der Ursprung (des Lebens) in der Gegenwart sichtbar. Deshalb nennt Gebser dieses Bewusstsein auch \u201cdiaphanes (durchscheinendes) Bewusstsein\u201d. Die integrale Bewusstseinsstruktur entdeckt die vierte Dimension: die Zeit. Damit werden die unterschiedlichen Zeitverst\u00e4ndnisse der verschiedenen Bewusstseinsstrukturen \u00a0<strong>[3] <\/strong>bewusst und sichtbar, wie die Zeitlosigkeit, Naturzeit oder gemessene Uhrenzeit. Indem wir \u00fcber die verschiedenen Zeitformen verf\u00fcgen k\u00f6nnen, befreien wir uns von ihnen. \u201c\u2026Dies stellt uns in die Zeitfreiheit, in die bewusst realisierte und immer gegenw\u00e4rtige Ursprungsn\u00e4he.\u201d<\/p>\n<p>Gebser sieht in der integralen Bewusstseinsstruktur die M\u00f6glichkeit, nicht nur die Zeit bewusst zu \u00fcberwinden, sondern auch den Raum. \u201eEs hei\u00dft keinesfalls, dass Raum und Zeit abgeschafft werden sollen, wohl aber, dass wir uns bis zu einem gewissen Grad von beiden zu befreien haben\u201c, die sogenannte Raum<strong>\u2013<\/strong>Zeit<strong>-Freiheit<\/strong>.<\/p>\n<p>Weitere Charakteristika des integralen Bewusstseins sind: es ist <strong>a-logisch<\/strong> und <strong>a-perspektivisch<\/strong> und birgt ein <strong>Nicht-Ich<\/strong>, das die heutige defiziente Dominanz des mentalen Ichs transzendiert.<\/p>\n<p>Dieses <strong>integrale Bewusstsein <\/strong>f\u00fchrt laut Gebser \u2013 im Gegensatz zu der in der westlichen Welt gerade vorherrschenden mentalen-rationalen Bewusstseinsstruktur und ihrer dualistischen Subjekt-Objekt-Spaltung \u2013 zu einem neuen <strong>Miteinander <\/strong>und zu einer <strong>bewussten Teilhabe des Einzelnen am Weltganzen.<\/strong><\/p>\n<p><strong>\u00a0<\/strong>Gebser selbst zeigte keinen \u201eWeg\u201c zu diesem neuen integralen Bewusstsein, dessen Keime er vorfand, doch schien es ihm zumindest notwendig, sich der immer noch wirksamen fr\u00fcheren Strukturen jederzeit bewusst zu werden: Immer noch sind wir magisch ansprechbar, k\u00f6nnen uns mythische Bilder verf\u00fchren und uns die Klarheit des Denkens vergessen<br \/>\nlassen.<\/p>\n<p>Die <strong>Wiener Schule f\u00fcr Bewusstsein<\/strong> hat das integrale Bewusstsein zu einer ihrer wichtigsten Leitlinien gew\u00e4hlt. Als <strong>Lern-, Lehr- und Praxisraum f\u00fcr transpersonales und integrales Bewusstsein <\/strong>sehen wir unsere zentrale Aufgabe darin, vielf\u00e4ltigste Wege zur Verwirklichung des integralen Bewusstseins zu erforschen, praktisch zu erproben und den Besuchern und Besucherinnen der Wiener Schule f\u00fcr Bewusstsein in verschiedensten Formaten nahezubringen und zu vermitteln \u2013 und gemeinsam weiter zu lernen.<\/p>\n<p>Insofern versteht sich die Wiener Schule f\u00fcr Bewusstsein als eine \u201e<strong>Universitas<\/strong>\u201c im urspr\u00fcnglichen Wortsinn: als eine Gemeinschaft der Lehrenden und Lernenden zur gemeinsamen Teilhabe am Werk \u201eMenschheit\u201c.<\/p>\n<hr \/>\n<p><span style=\"font-size: 10pt;\">[1] Jean Gebser ( * 1905, + 1973) war ein Schweizer Philosoph, Schriftsteller und \u00dcbersetzer. Als Vertreter der integralen Theorie strebte er danach, wissenschaftliche und geistig-spirituelle Erkenntnisse zu verbinden. In diesem Kontext gilt er neben Carl Gustav Jung als einer der beiden Pioniere einer kulturwissenschaftlich orientierten Bewusstseinsforschung, die ein Strukturmodell der Bewusstseinsgeschichte des Menschen etabliert haben.<\/span><\/p>\n<p><span style=\"font-size: 10pt;\">[2] In diesem Text werden Ausz\u00fcge verwendet aus Jean Gebser: Ursprung und Gegenwart, 1. und 2.Teil, 2015, Chronos Verlag Z\u00fcrich<\/span><\/p>\n<p><span style=\"font-size: 10pt;\">[3] Die verschiedenen Zeitlichkeiten, zu denen die Menschen f\u00e4hig sind, werden alle in der Vision-Quest von Dr. Rudolf Kapellner erl\u00e4utert und konkret angewendet.<\/span><\/p>\n<p>&nbsp;<\/p>\n","protected":false},"excerpt":{"rendered":"<p>Wiener Schule f\u00fcr Bewusstsein\u00a0 Das integrale Bewusstsein nach Jean Gebser \u00a0Jean Gebser [1] geht von der Grundannahme aus, dass sich vier Bewusstseinsstrukturen nachweisen lassen, die den heutigen Menschen konstituieren und die in der Kulturgeschichte der Menschheit aufeinanderfolgend in Erscheinung traten. Er nennt die Bewusstseinsstrukturen die archaische, die magische, die mythische und die mentale Struktur. Keine [&hellip;]<\/p>\n","protected":false},"author":1,"featured_media":0,"comment_status":"open","ping_status":"open","sticky":false,"template":"","format":"standard","meta":{"site-sidebar-layout":"default","site-content-layout":"","ast-site-content-layout":"default","site-content-style":"default","site-sidebar-style":"default","ast-global-header-display":"","ast-banner-title-visibility":"","ast-main-header-display":"","ast-hfb-above-header-display":"","ast-hfb-below-header-display":"","ast-hfb-mobile-header-display":"","site-post-title":"","ast-breadcrumbs-content":"","ast-featured-img":"","footer-sml-layout":"","ast-disable-related-posts":"","theme-transparent-header-meta":"default","adv-header-id-meta":"","stick-header-meta":"","header-above-stick-meta":"","header-main-stick-meta":"","header-below-stick-meta":"","astra-migrate-meta-layouts":"set","ast-page-background-enabled":"default","ast-page-background-meta":{"desktop":{"background-color":"","background-image":"","background-repeat":"repeat","background-position":"center center","background-size":"auto","background-attachment":"scroll","background-type":"","background-media":"","overlay-type":"","overlay-color":"","overlay-opacity":"","overlay-gradient":""},"tablet":{"background-color":"","background-image":"","background-repeat":"repeat","background-position":"center center","background-size":"auto","background-attachment":"scroll","background-type":"","background-media":"","overlay-type":"","overlay-color":"","overlay-opacity":"","overlay-gradient":""},"mobile":{"background-color":"","background-image":"","background-repeat":"repeat","background-position":"center center","background-size":"auto","background-attachment":"scroll","background-type":"","background-media":"","overlay-type":"","overlay-color":"","overlay-opacity":"","overlay-gradient":""}},"ast-content-background-meta":{"desktop":{"background-color":"var(--ast-global-color-5)","background-image":"","background-repeat":"repeat","background-position":"center center","background-size":"auto","background-attachment":"scroll","background-type":"","background-media":"","overlay-type":"","overlay-color":"","overlay-opacity":"","overlay-gradient":""},"tablet":{"background-color":"var(--ast-global-color-5)","background-image":"","background-repeat":"repeat","background-position":"center center","background-size":"auto","background-attachment":"scroll","background-type":"","background-media":"","overlay-type":"","overlay-color":"","overlay-opacity":"","overlay-gradient":""},"mobile":{"background-color":"var(--ast-global-color-5)","background-image":"","background-repeat":"repeat","background-position":"center center","background-size":"auto","background-attachment":"scroll","background-type":"","background-media":"","overlay-type":"","overlay-color":"","overlay-opacity":"","overlay-gradient":""}},"footnotes":""},"categories":[1],"tags":[],"class_list":["post-1671","post","type-post","status-publish","format-standard","hentry","category-allgemein"],"yoast_head":"<!-- This site is optimized with the Yoast SEO plugin v27.5 - https:\/\/yoast.com\/product\/yoast-seo-wordpress\/ -->\n<title>Das integrale Bewusstsein nach Jean Gebser - Wiener Schule f\u00fcr Bewusstsein<\/title>\n<meta name=\"robots\" content=\"index, follow, max-snippet:-1, max-image-preview:large, max-video-preview:-1\" \/>\n<link rel=\"canonical\" href=\"https:\/\/www.schule-bewusstsein.com\/Wordpress\/das-integrale-bewusstsein-nach-jean-gebser-2\/\" \/>\n<meta property=\"og:locale\" content=\"de_DE\" \/>\n<meta property=\"og:type\" content=\"article\" \/>\n<meta property=\"og:title\" content=\"Das integrale Bewusstsein nach Jean Gebser - Wiener Schule f\u00fcr Bewusstsein\" \/>\n<meta property=\"og:description\" content=\"Wiener Schule f\u00fcr Bewusstsein\u00a0 Das integrale Bewusstsein nach Jean Gebser \u00a0Jean Gebser [1] geht von der Grundannahme aus, dass sich vier Bewusstseinsstrukturen nachweisen lassen, die den heutigen Menschen konstituieren und die in der Kulturgeschichte der Menschheit aufeinanderfolgend in Erscheinung traten. Er nennt die Bewusstseinsstrukturen die archaische, die magische, die mythische und die mentale Struktur. Keine [&hellip;]\" \/>\n<meta property=\"og:url\" content=\"https:\/\/www.schule-bewusstsein.com\/Wordpress\/das-integrale-bewusstsein-nach-jean-gebser-2\/\" \/>\n<meta property=\"og:site_name\" content=\"Wiener Schule f\u00fcr Bewusstsein\" \/>\n<meta property=\"article:published_time\" content=\"2025-11-26T21:12:43+00:00\" \/>\n<meta name=\"author\" content=\"wordpressadmin\" \/>\n<meta name=\"twitter:card\" content=\"summary_large_image\" \/>\n<meta name=\"twitter:label1\" content=\"Verfasst von\" \/>\n\t<meta name=\"twitter:data1\" content=\"wordpressadmin\" \/>\n\t<meta name=\"twitter:label2\" content=\"Gesch\u00e4tzte Lesezeit\" \/>\n\t<meta name=\"twitter:data2\" content=\"4\u00a0Minuten\" \/>\n<script type=\"application\/ld+json\" class=\"yoast-schema-graph\">{\"@context\":\"https:\\\/\\\/schema.org\",\"@graph\":[{\"@type\":\"Article\",\"@id\":\"https:\\\/\\\/www.schule-bewusstsein.com\\\/Wordpress\\\/das-integrale-bewusstsein-nach-jean-gebser-2\\\/#article\",\"isPartOf\":{\"@id\":\"https:\\\/\\\/www.schule-bewusstsein.com\\\/Wordpress\\\/das-integrale-bewusstsein-nach-jean-gebser-2\\\/\"},\"author\":{\"name\":\"wordpressadmin\",\"@id\":\"https:\\\/\\\/www.schule-bewusstsein.com\\\/Wordpress\\\/#\\\/schema\\\/person\\\/a1cd9df61da100ee6afb917a9c9aedb5\"},\"headline\":\"Das integrale Bewusstsein nach Jean Gebser\",\"datePublished\":\"2025-11-26T21:12:43+00:00\",\"mainEntityOfPage\":{\"@id\":\"https:\\\/\\\/www.schule-bewusstsein.com\\\/Wordpress\\\/das-integrale-bewusstsein-nach-jean-gebser-2\\\/\"},\"wordCount\":645,\"commentCount\":0,\"publisher\":{\"@id\":\"https:\\\/\\\/www.schule-bewusstsein.com\\\/Wordpress\\\/#organization\"},\"inLanguage\":\"de\",\"potentialAction\":[{\"@type\":\"CommentAction\",\"name\":\"Comment\",\"target\":[\"https:\\\/\\\/www.schule-bewusstsein.com\\\/Wordpress\\\/das-integrale-bewusstsein-nach-jean-gebser-2\\\/#respond\"]}]},{\"@type\":\"WebPage\",\"@id\":\"https:\\\/\\\/www.schule-bewusstsein.com\\\/Wordpress\\\/das-integrale-bewusstsein-nach-jean-gebser-2\\\/\",\"url\":\"https:\\\/\\\/www.schule-bewusstsein.com\\\/Wordpress\\\/das-integrale-bewusstsein-nach-jean-gebser-2\\\/\",\"name\":\"Das integrale Bewusstsein nach Jean Gebser - Wiener Schule f\u00fcr Bewusstsein\",\"isPartOf\":{\"@id\":\"https:\\\/\\\/www.schule-bewusstsein.com\\\/Wordpress\\\/#website\"},\"datePublished\":\"2025-11-26T21:12:43+00:00\",\"breadcrumb\":{\"@id\":\"https:\\\/\\\/www.schule-bewusstsein.com\\\/Wordpress\\\/das-integrale-bewusstsein-nach-jean-gebser-2\\\/#breadcrumb\"},\"inLanguage\":\"de\",\"potentialAction\":[{\"@type\":\"ReadAction\",\"target\":[\"https:\\\/\\\/www.schule-bewusstsein.com\\\/Wordpress\\\/das-integrale-bewusstsein-nach-jean-gebser-2\\\/\"]}]},{\"@type\":\"BreadcrumbList\",\"@id\":\"https:\\\/\\\/www.schule-bewusstsein.com\\\/Wordpress\\\/das-integrale-bewusstsein-nach-jean-gebser-2\\\/#breadcrumb\",\"itemListElement\":[{\"@type\":\"ListItem\",\"position\":1,\"name\":\"Startseite\",\"item\":\"https:\\\/\\\/www.schule-bewusstsein.com\\\/Wordpress\\\/\"},{\"@type\":\"ListItem\",\"position\":2,\"name\":\"Das integrale Bewusstsein nach Jean Gebser\"}]},{\"@type\":\"WebSite\",\"@id\":\"https:\\\/\\\/www.schule-bewusstsein.com\\\/Wordpress\\\/#website\",\"url\":\"https:\\\/\\\/www.schule-bewusstsein.com\\\/Wordpress\\\/\",\"name\":\"Wiener Schule f\u00fcr Bewusstsein\",\"description\":\"\",\"publisher\":{\"@id\":\"https:\\\/\\\/www.schule-bewusstsein.com\\\/Wordpress\\\/#organization\"},\"potentialAction\":[{\"@type\":\"SearchAction\",\"target\":{\"@type\":\"EntryPoint\",\"urlTemplate\":\"https:\\\/\\\/www.schule-bewusstsein.com\\\/Wordpress\\\/?s={search_term_string}\"},\"query-input\":{\"@type\":\"PropertyValueSpecification\",\"valueRequired\":true,\"valueName\":\"search_term_string\"}}],\"inLanguage\":\"de\"},{\"@type\":\"Organization\",\"@id\":\"https:\\\/\\\/www.schule-bewusstsein.com\\\/Wordpress\\\/#organization\",\"name\":\"Wiener Schule f\u00fcr Bewusstsein\",\"url\":\"https:\\\/\\\/www.schule-bewusstsein.com\\\/Wordpress\\\/\",\"logo\":{\"@type\":\"ImageObject\",\"inLanguage\":\"de\",\"@id\":\"https:\\\/\\\/www.schule-bewusstsein.com\\\/Wordpress\\\/#\\\/schema\\\/logo\\\/image\\\/\",\"url\":\"https:\\/\\/www.schule-bewusstsein.com\\/Wordpress\\/wp-content\\/uploads\\/2022\\/02\\/LOGO-Schule-bunt-e1644674888998.png\",\"contentUrl\":\"https:\\/\\/www.schule-bewusstsein.com\\/Wordpress\\/wp-content\\/uploads\\/2022\\/02\\/LOGO-Schule-bunt-e1644674888998.png\",\"width\":500,\"height\":500,\"caption\":\"Wiener Schule f\u00fcr Bewusstsein\"},\"image\":{\"@id\":\"https:\\\/\\\/www.schule-bewusstsein.com\\\/Wordpress\\\/#\\\/schema\\\/logo\\\/image\\\/\"}},{\"@type\":\"Person\",\"@id\":\"https:\\\/\\\/www.schule-bewusstsein.com\\\/Wordpress\\\/#\\\/schema\\\/person\\\/a1cd9df61da100ee6afb917a9c9aedb5\",\"name\":\"wordpressadmin\",\"image\":{\"@type\":\"ImageObject\",\"inLanguage\":\"de\",\"@id\":\"https:\\\/\\\/secure.gravatar.com\\\/avatar\\\/364e1b06778741f8f809346e058b6cbce4ac9d3ec6b22bbe760108adf0892217?s=96&d=mm&r=g\",\"url\":\"https:\\\/\\\/secure.gravatar.com\\\/avatar\\\/364e1b06778741f8f809346e058b6cbce4ac9d3ec6b22bbe760108adf0892217?s=96&d=mm&r=g\",\"contentUrl\":\"https:\\\/\\\/secure.gravatar.com\\\/avatar\\\/364e1b06778741f8f809346e058b6cbce4ac9d3ec6b22bbe760108adf0892217?s=96&d=mm&r=g\",\"caption\":\"wordpressadmin\"},\"url\":\"https:\\\/\\\/www.schule-bewusstsein.com\\\/Wordpress\\\/author\\\/wordpressadmin\\\/\"}]}<\/script>\n<!-- \/ Yoast SEO plugin. -->","yoast_head_json":{"title":"Das integrale Bewusstsein nach Jean Gebser - Wiener Schule f\u00fcr Bewusstsein","robots":{"index":"index","follow":"follow","max-snippet":"max-snippet:-1","max-image-preview":"max-image-preview:large","max-video-preview":"max-video-preview:-1"},"canonical":"https:\/\/www.schule-bewusstsein.com\/Wordpress\/das-integrale-bewusstsein-nach-jean-gebser-2\/","og_locale":"de_DE","og_type":"article","og_title":"Das integrale Bewusstsein nach Jean Gebser - Wiener Schule f\u00fcr Bewusstsein","og_description":"Wiener Schule f\u00fcr Bewusstsein\u00a0 Das integrale Bewusstsein nach Jean Gebser \u00a0Jean Gebser [1] geht von der Grundannahme aus, dass sich vier Bewusstseinsstrukturen nachweisen lassen, die den heutigen Menschen konstituieren und die in der Kulturgeschichte der Menschheit aufeinanderfolgend in Erscheinung traten. Er nennt die Bewusstseinsstrukturen die archaische, die magische, die mythische und die mentale Struktur. Keine [&hellip;]","og_url":"https:\/\/www.schule-bewusstsein.com\/Wordpress\/das-integrale-bewusstsein-nach-jean-gebser-2\/","og_site_name":"Wiener Schule f\u00fcr Bewusstsein","article_published_time":"2025-11-26T21:12:43+00:00","author":"wordpressadmin","twitter_card":"summary_large_image","twitter_misc":{"Verfasst von":"wordpressadmin","Gesch\u00e4tzte Lesezeit":"4\u00a0Minuten"},"schema":{"@context":"https:\/\/schema.org","@graph":[{"@type":"Article","@id":"https:\/\/www.schule-bewusstsein.com\/Wordpress\/das-integrale-bewusstsein-nach-jean-gebser-2\/#article","isPartOf":{"@id":"https:\/\/www.schule-bewusstsein.com\/Wordpress\/das-integrale-bewusstsein-nach-jean-gebser-2\/"},"author":{"name":"wordpressadmin","@id":"https:\/\/www.schule-bewusstsein.com\/Wordpress\/#\/schema\/person\/a1cd9df61da100ee6afb917a9c9aedb5"},"headline":"Das integrale Bewusstsein nach Jean Gebser","datePublished":"2025-11-26T21:12:43+00:00","mainEntityOfPage":{"@id":"https:\/\/www.schule-bewusstsein.com\/Wordpress\/das-integrale-bewusstsein-nach-jean-gebser-2\/"},"wordCount":645,"commentCount":0,"publisher":{"@id":"https:\/\/www.schule-bewusstsein.com\/Wordpress\/#organization"},"inLanguage":"de","potentialAction":[{"@type":"CommentAction","name":"Comment","target":["https:\/\/www.schule-bewusstsein.com\/Wordpress\/das-integrale-bewusstsein-nach-jean-gebser-2\/#respond"]}]},{"@type":"WebPage","@id":"https:\/\/www.schule-bewusstsein.com\/Wordpress\/das-integrale-bewusstsein-nach-jean-gebser-2\/","url":"https:\/\/www.schule-bewusstsein.com\/Wordpress\/das-integrale-bewusstsein-nach-jean-gebser-2\/","name":"Das integrale Bewusstsein nach Jean Gebser - Wiener Schule f\u00fcr Bewusstsein","isPartOf":{"@id":"https:\/\/www.schule-bewusstsein.com\/Wordpress\/#website"},"datePublished":"2025-11-26T21:12:43+00:00","breadcrumb":{"@id":"https:\/\/www.schule-bewusstsein.com\/Wordpress\/das-integrale-bewusstsein-nach-jean-gebser-2\/#breadcrumb"},"inLanguage":"de","potentialAction":[{"@type":"ReadAction","target":["https:\/\/www.schule-bewusstsein.com\/Wordpress\/das-integrale-bewusstsein-nach-jean-gebser-2\/"]}]},{"@type":"BreadcrumbList","@id":"https:\/\/www.schule-bewusstsein.com\/Wordpress\/das-integrale-bewusstsein-nach-jean-gebser-2\/#breadcrumb","itemListElement":[{"@type":"ListItem","position":1,"name":"Startseite","item":"https:\/\/www.schule-bewusstsein.com\/Wordpress\/"},{"@type":"ListItem","position":2,"name":"Das integrale Bewusstsein nach Jean Gebser"}]},{"@type":"WebSite","@id":"https:\/\/www.schule-bewusstsein.com\/Wordpress\/#website","url":"https:\/\/www.schule-bewusstsein.com\/Wordpress\/","name":"Wiener Schule f\u00fcr Bewusstsein","description":"","publisher":{"@id":"https:\/\/www.schule-bewusstsein.com\/Wordpress\/#organization"},"potentialAction":[{"@type":"SearchAction","target":{"@type":"EntryPoint","urlTemplate":"https:\/\/www.schule-bewusstsein.com\/Wordpress\/?s={search_term_string}"},"query-input":{"@type":"PropertyValueSpecification","valueRequired":true,"valueName":"search_term_string"}}],"inLanguage":"de"},{"@type":"Organization","@id":"https:\/\/www.schule-bewusstsein.com\/Wordpress\/#organization","name":"Wiener Schule f\u00fcr Bewusstsein","url":"https:\/\/www.schule-bewusstsein.com\/Wordpress\/","logo":{"@type":"ImageObject","inLanguage":"de","@id":"https:\/\/www.schule-bewusstsein.com\/Wordpress\/#\/schema\/logo\/image\/","url":"https:\/\/mlrihigbn6vo.i.optimole.com\/w:auto\/h:auto\/q:mauto\/f:best\/ig:avif\/https:\/\/www.schule-bewusstsein.com\/Wordpress\/wp-content\/uploads\/2022\/02\/LOGO-Schule-bunt-e1644674888998.png","contentUrl":"https:\/\/mlrihigbn6vo.i.optimole.com\/w:auto\/h:auto\/q:mauto\/f:best\/ig:avif\/https:\/\/www.schule-bewusstsein.com\/Wordpress\/wp-content\/uploads\/2022\/02\/LOGO-Schule-bunt-e1644674888998.png","width":500,"height":500,"caption":"Wiener Schule f\u00fcr Bewusstsein"},"image":{"@id":"https:\/\/www.schule-bewusstsein.com\/Wordpress\/#\/schema\/logo\/image\/"}},{"@type":"Person","@id":"https:\/\/www.schule-bewusstsein.com\/Wordpress\/#\/schema\/person\/a1cd9df61da100ee6afb917a9c9aedb5","name":"wordpressadmin","image":{"@type":"ImageObject","inLanguage":"de","@id":"https:\/\/secure.gravatar.com\/avatar\/364e1b06778741f8f809346e058b6cbce4ac9d3ec6b22bbe760108adf0892217?s=96&d=mm&r=g","url":"https:\/\/secure.gravatar.com\/avatar\/364e1b06778741f8f809346e058b6cbce4ac9d3ec6b22bbe760108adf0892217?s=96&d=mm&r=g","contentUrl":"https:\/\/secure.gravatar.com\/avatar\/364e1b06778741f8f809346e058b6cbce4ac9d3ec6b22bbe760108adf0892217?s=96&d=mm&r=g","caption":"wordpressadmin"},"url":"https:\/\/www.schule-bewusstsein.com\/Wordpress\/author\/wordpressadmin\/"}]}},"_links":{"self":[{"href":"https:\/\/www.schule-bewusstsein.com\/Wordpress\/wp-json\/wp\/v2\/posts\/1671","targetHints":{"allow":["GET"]}}],"collection":[{"href":"https:\/\/www.schule-bewusstsein.com\/Wordpress\/wp-json\/wp\/v2\/posts"}],"about":[{"href":"https:\/\/www.schule-bewusstsein.com\/Wordpress\/wp-json\/wp\/v2\/types\/post"}],"author":[{"embeddable":true,"href":"https:\/\/www.schule-bewusstsein.com\/Wordpress\/wp-json\/wp\/v2\/users\/1"}],"replies":[{"embeddable":true,"href":"https:\/\/www.schule-bewusstsein.com\/Wordpress\/wp-json\/wp\/v2\/comments?post=1671"}],"version-history":[{"count":1,"href":"https:\/\/www.schule-bewusstsein.com\/Wordpress\/wp-json\/wp\/v2\/posts\/1671\/revisions"}],"predecessor-version":[{"id":1672,"href":"https:\/\/www.schule-bewusstsein.com\/Wordpress\/wp-json\/wp\/v2\/posts\/1671\/revisions\/1672"}],"wp:attachment":[{"href":"https:\/\/www.schule-bewusstsein.com\/Wordpress\/wp-json\/wp\/v2\/media?parent=1671"}],"wp:term":[{"taxonomy":"category","embeddable":true,"href":"https:\/\/www.schule-bewusstsein.com\/Wordpress\/wp-json\/wp\/v2\/categories?post=1671"},{"taxonomy":"post_tag","embeddable":true,"href":"https:\/\/www.schule-bewusstsein.com\/Wordpress\/wp-json\/wp\/v2\/tags?post=1671"}],"curies":[{"name":"wp","href":"https:\/\/api.w.org\/{rel}","templated":true}]}}