{"id":1707,"date":"2026-02-26T12:18:28","date_gmt":"2026-02-26T11:18:28","guid":{"rendered":"https:\/\/www.schule-bewusstsein.com\/Wordpress\/?p=1707"},"modified":"2026-03-12T01:32:37","modified_gmt":"2026-03-12T00:32:37","slug":"ostfest-2026-astrologische-einbettung","status":"publish","type":"post","link":"https:\/\/www.schule-bewusstsein.com\/Wordpress\/ostfest-2026-astrologische-einbettung\/","title":{"rendered":"astrologische Einbettung der Fr\u00fchlings Tag- und Nachtgleiche 2026"},"content":{"rendered":"<p><strong><br \/><img data-opt-id=42808187  fetchpriority=\"high\" decoding=\"async\" class=\"aligncenter size-large wp-image-1708\" src=\"https:\/\/mlrihigbn6vo.i.optimole.com\/w:1024\/h:475\/q:mauto\/f:best\/ig:avif\/https:\/\/www.schule-bewusstsein.com\/Wordpress\/wp-content\/uploads\/2026\/02\/bild5.png\" alt=\"\" width=\"1024\" height=\"475\" srcset=\"https:\/\/mlrihigbn6vo.i.optimole.com\/w:1024\/h:475\/q:mauto\/f:best\/ig:avif\/https:\/\/www.schule-bewusstsein.com\/Wordpress\/wp-content\/uploads\/2026\/02\/bild5.png 1024w, https:\/\/mlrihigbn6vo.i.optimole.com\/w:300\/h:139\/q:mauto\/f:best\/ig:avif\/https:\/\/www.schule-bewusstsein.com\/Wordpress\/wp-content\/uploads\/2026\/02\/bild5.png 300w, https:\/\/mlrihigbn6vo.i.optimole.com\/w:768\/h:356\/q:mauto\/f:best\/ig:avif\/https:\/\/www.schule-bewusstsein.com\/Wordpress\/wp-content\/uploads\/2026\/02\/bild5.png 768w, https:\/\/mlrihigbn6vo.i.optimole.com\/w:1536\/h:712\/q:mauto\/f:best\/ig:avif\/https:\/\/www.schule-bewusstsein.com\/Wordpress\/wp-content\/uploads\/2026\/02\/bild5.png 1536w, https:\/\/mlrihigbn6vo.i.optimole.com\/w:1320\/h:612\/q:mauto\/f:best\/ig:avif\/https:\/\/www.schule-bewusstsein.com\/Wordpress\/wp-content\/uploads\/2026\/02\/bild5.png 1320w, https:\/\/mlrihigbn6vo.i.optimole.com\/w:600\/h:278\/q:mauto\/f:best\/ig:avif\/https:\/\/www.schule-bewusstsein.com\/Wordpress\/wp-content\/uploads\/2026\/02\/bild5.png 600w, https:\/\/mlrihigbn6vo.i.optimole.com\/w:1665\/h:772\/q:mauto\/f:best\/ig:avif\/https:\/\/www.schule-bewusstsein.com\/Wordpress\/wp-content\/uploads\/2026\/02\/bild5.png 1665w\" sizes=\"(max-width: 1000px) 100vw, 1000px\" \/><\/strong><\/p>\n<h2>Die Qualit\u00e4ten Fr\u00fchjahr, Widder und Mars<\/h2>\n<p>Der Fr\u00fchlingsbeginn ist einer der vier Jahreszeiten-Wendepunkte: eine der beiden Tag- und Nachtgleichen.<br \/>Die Natur beginnt zu erwachen, zu treiben und sprie\u00dfen. Zunehmende Lebendigkeit und mehr Licht kennzeichnen diese Zeit.<\/p>\n<p>Astronomisch ist der Fr\u00fchlingsbeginn der Wechsel der Sonne vom Fisch in den Widder, genau gesagt auf 0\u00b000\u201800\u201c \u2013 also pr\u00e4zise auf Null Grad Widder.<\/p>\n<p>Astrologisch ist die Jahreszeit Fr\u00fchling eine Zeit der nach au\u00dfen gerichteten Aktivit\u00e4ten, zum Konkreten und Realen, kurz zur nat\u00fcrlichen \u00e4u\u00dferen Wirklichkeit. Die seelischen Funktionen, die mit diesen 3 Monaten verbunden sind, orientieren sich am Objekt, am konkreten Erlebnis. Die \u00e4u\u00dfere Welt bestimmt Art und Ma\u00df und Richtung des Erlebens und Handelns. Praxis, Realismus und Extraversion sind kennzeichnende Qualit\u00e4ten dieser die Welt unvermittelt ergreifenden und bew\u00e4ltigenden Orientierung.<\/p>\n<p>Das erste Sternzeichen dieser Jahreszeit ist der Widder, in das wir mit dieser Tag- und Nachtgleiche eintreten. Die Zeitqualit\u00e4t des Widders dr\u00fcckt die Qualit\u00e4t der knospenden und hervorbrechenden Natur aus: \u201eIch will!\u201c, das Wollen, das impulsive und gleichzeitig zielvolle Wachstum mit Werdestreben und mit der Blickrichtung Zukunft.<\/p>\n<p>Der dem Widder zugeordnete Planet ist Mars (der lateinische Kriegsgott). Die beschleunigende, m\u00e4nnlich konnotierte Marskraft kann impulsiv sto\u00dfen, aktiv treiben und durchsetzend und somit dynamisierend wirken, ebenso wie sie zu schnell und \u00fcbereilt, zerst\u00f6rerisch bis brutal aggressiv, somit sich sehr disharmonisch zeigen kann.<\/p>\n<p>In jedem Fall sind Leistung, Vitalit\u00e4t, Kraft und Durchschlagskraft, Temperament und Spontaneit\u00e4t die zentralen marsianischen Eigenschaften.<\/p>\n<h2>Der Mensch als Mann und Frau in der Wiener Schule f\u00fcr Bewusstsein<\/h2>\n<p>In der astrologischen Betrachtung wird nicht nur das jeweilige Sternzeichen f\u00fcr sich betrachtet, sondern auch das Gegenzeichen dazu genommen \u2013 denn erst beide zusammen ergeben als eine Achse von \u201eZeichen und Gegenzeichen\u201c ein neues gemeinsames, polares Ganzes.<\/p>\n<p>In unserem Fall ist das Gegenzeichen des Widders die Waage.<br \/>Der Widder steht \u2013 kurz gesagt &#8211; f\u00fcr das m\u00e4nnlich-Impulsive, und die Waage f\u00fcr das weibliche sinnlich-\u00c4sthetische.<\/p>\n<p>Diese polar-erg\u00e4nzende Gegen\u00fcberstellung wie die Komplementarit\u00e4ten von M\u00e4nnlich und Weiblich sind auch in der Wiener Schule f\u00fcr Bewusstsein ein sehr zentrales Bewusstseinsthema.<\/p>\n<p>In dieser so starken Mann-Frau-Achse von Widder-Waage sehen wir unsere Grundposition der Gleichwertigkeit von m\u00e4nnlich und weiblich optimal dargestellt.<\/p>\n<p>Und erfreulicherweise gibt es zwei Trance-Haltungen, die beide f\u00fcr Erneuerung stehen \u2013 eine ist eine m\u00e4nnliche und eine ist eine weibliche.<\/p>\n<p>Diese hier zuf\u00e4llig zusammenfallenden Koinzidenzen freuen uns sehr und lassen ein h\u00f6chst inspirierende Trance-Fest erwarten!<\/p>\n<h2>Die astrologische Deutung des Fr\u00fchlings-Horoskops<\/h2>\n<p>In der astrologischen Deutung kommt es immer auf das gesamte Horoskop an \u2013 in aller\u00a0 Komplexit\u00e4t und Detailreichtum.<\/p>\n<p>Zwei Planeten sind an dieser Stelle herausgegriffen: Uranus und Mars.<\/p>\n<h3>Der Uranus<\/h3>\n<p>Maximal bedeutsam wie auffallend f\u00fcr dieses Fr\u00fchlingshoroskop ist die Position des Planeten Uranus exakt auf der Himmelsmitte, dem h\u00f6chsten Punkt im Horoskop. Dies hei\u00dft: Gro\u00dfe, sch\u00f6pferische wie destruktive Ver\u00e4nderungen pl\u00f6tzlicher und unerwarteter Natur werden uns im Fr\u00fchjahr begleiten und \u00fcberraschen.<\/p>\n<h3>Der Mars<\/h3>\n<p>In der astrologischen Deutung kommt es auf die konkrete Position des Mars im Horoskop und die Aspekte zu anderen Planeten an, welche Seite der Marskraft hervortreten kann.<\/p>\n<h3>Drei Elemente dieses Horoskopes will ich hier kurz erw\u00e4hnen:<\/h3>\n<ul>\n<li>Im Widder beginnt das 9. Haus des Horoskopes. Dies besagt, dass die geistige Ausrichtung des Fr\u00fchjahrs von der Kraft des Widders, von einem \u201eIch will \u2013 dort hin!\u201c gekennzeichnet ist. Widder ist heuer also ein geistig-richtungweisendes Zeichen.<\/li>\n<li>Der dem Widder zugeordnete Mars steht in der Waage \u2013 genau dem Gegenzeichen des Widders. In dieser Position vollenden sich die Aufl\u00f6sung der polaren Gegens\u00e4tzlichkeit von Mann und Frau, Widder und Waage, von \u201eIch will\u201c und \u201eIch und Du\u201c (Waage).<\/li>\n<li>Und zu guter Letzt zeigt sich ein sehr harmonischer Aspekt (Trigon) von Mars und Jupiter \u2013 damit geht einher: eine gesteigerte Begeisterungsf\u00e4higkeit, eine erweiterte Durchsetzungskraft und eine ausgedehnte sch\u00f6pferische Initiativkraft \u2013 also allesamt sehr f\u00f6rderliche Elemente f\u00fcr dieses kommende Quartal.<\/li>\n<\/ul>\n<p>Alle weiteren astrologischen Interpretationen f\u00fcr das Fr\u00fchjahr k\u00f6nnt Ihr beim <a href=\"https:\/\/www.schule-bewusstsein.com\/Wordpress\/jahresfest-20-3-fruehlings-tages-und-nachtgleiche-2026\/\">Fr\u00fchlingsfest am Freitag, den 20. M\u00e4rz<\/a> ab 18h von mir m\u00fcndlich h\u00f6ren.<\/p>\n<p>Achtung: es lohnt sich, auch die hier weggelassenen Aspekte und Zusammenh\u00e4nge dargestellt zu bekommen und f\u00fcr Euer Durchwandern des Fr\u00fchjahres als Leitlinie zu nehmen.<\/p>\n\n\n<p><\/p>\n","protected":false},"excerpt":{"rendered":"<p>Die Qualit\u00e4ten Fr\u00fchjahr, Widder und Mars Der Fr\u00fchlingsbeginn ist einer der vier Jahreszeiten-Wendepunkte: eine der beiden Tag- und Nachtgleichen.Die Natur beginnt zu erwachen, zu treiben und sprie\u00dfen. Zunehmende Lebendigkeit und mehr Licht kennzeichnen diese Zeit. Astronomisch ist der Fr\u00fchlingsbeginn der Wechsel der Sonne vom Fisch in den Widder, genau gesagt auf 0\u00b000\u201800\u201c \u2013 also pr\u00e4zise [&hellip;]<\/p>\n","protected":false},"author":1,"featured_media":1706,"comment_status":"open","ping_status":"open","sticky":false,"template":"","format":"standard","meta":{"site-sidebar-layout":"default","site-content-layout":"","ast-site-content-layout":"default","site-content-style":"default","site-sidebar-style":"default","ast-global-header-display":"","ast-banner-title-visibility":"","ast-main-header-display":"","ast-hfb-above-header-display":"","ast-hfb-below-header-display":"","ast-hfb-mobile-header-display":"","site-post-title":"","ast-breadcrumbs-content":"","ast-featured-img":"disabled","footer-sml-layout":"","ast-disable-related-posts":"","theme-transparent-header-meta":"default","adv-header-id-meta":"","stick-header-meta":"","header-above-stick-meta":"","header-main-stick-meta":"","header-below-stick-meta":"","astra-migrate-meta-layouts":"set","ast-page-background-enabled":"default","ast-page-background-meta":{"desktop":{"background-color":"","background-image":"","background-repeat":"repeat","background-position":"center center","background-size":"auto","background-attachment":"scroll","background-type":"","background-media":"","overlay-type":"","overlay-color":"","overlay-opacity":"","overlay-gradient":""},"tablet":{"background-color":"","background-image":"","background-repeat":"repeat","background-position":"center center","background-size":"auto","background-attachment":"scroll","background-type":"","background-media":"","overlay-type":"","overlay-color":"","overlay-opacity":"","overlay-gradient":""},"mobile":{"background-color":"","background-image":"","background-repeat":"repeat","background-position":"center center","background-size":"auto","background-attachment":"scroll","background-type":"","background-media":"","overlay-type":"","overlay-color":"","overlay-opacity":"","overlay-gradient":""}},"ast-content-background-meta":{"desktop":{"background-color":"var(--ast-global-color-5)","background-image":"","background-repeat":"repeat","background-position":"center center","background-size":"auto","background-attachment":"scroll","background-type":"","background-media":"","overlay-type":"","overlay-color":"","overlay-opacity":"","overlay-gradient":""},"tablet":{"background-color":"var(--ast-global-color-5)","background-image":"","background-repeat":"repeat","background-position":"center center","background-size":"auto","background-attachment":"scroll","background-type":"","background-media":"","overlay-type":"","overlay-color":"","overlay-opacity":"","overlay-gradient":""},"mobile":{"background-color":"var(--ast-global-color-5)","background-image":"","background-repeat":"repeat","background-position":"center center","background-size":"auto","background-attachment":"scroll","background-type":"","background-media":"","overlay-type":"","overlay-color":"","overlay-opacity":"","overlay-gradient":""}},"footnotes":""},"categories":[156,157],"tags":[],"class_list":["post-1707","post","type-post","status-publish","format-standard","has-post-thumbnail","hentry","category-astrologie","category-jahresfest"],"yoast_head":"<!-- This site is optimized with the Yoast SEO plugin v27.5 - https:\/\/yoast.com\/product\/yoast-seo-wordpress\/ -->\n<title>astrologische Einbettung der Fr\u00fchlings Tag- und Nachtgleiche 2026 - Wiener Schule f\u00fcr Bewusstsein<\/title>\n<meta name=\"robots\" content=\"index, follow, max-snippet:-1, max-image-preview:large, max-video-preview:-1\" \/>\n<link rel=\"canonical\" href=\"https:\/\/www.schule-bewusstsein.com\/Wordpress\/ostfest-2026-astrologische-einbettung\/\" \/>\n<meta property=\"og:locale\" content=\"de_DE\" \/>\n<meta property=\"og:type\" content=\"article\" \/>\n<meta property=\"og:title\" content=\"astrologische Einbettung der Fr\u00fchlings Tag- und Nachtgleiche 2026 - Wiener Schule f\u00fcr Bewusstsein\" \/>\n<meta property=\"og:description\" content=\"Die Qualit\u00e4ten Fr\u00fchjahr, Widder und Mars Der Fr\u00fchlingsbeginn ist einer der vier Jahreszeiten-Wendepunkte: eine der beiden Tag- und Nachtgleichen.Die Natur beginnt zu erwachen, zu treiben und sprie\u00dfen. Zunehmende Lebendigkeit und mehr Licht kennzeichnen diese Zeit. Astronomisch ist der Fr\u00fchlingsbeginn der Wechsel der Sonne vom Fisch in den Widder, genau gesagt auf 0\u00b000\u201800\u201c \u2013 also pr\u00e4zise [&hellip;]\" \/>\n<meta property=\"og:url\" content=\"https:\/\/www.schule-bewusstsein.com\/Wordpress\/ostfest-2026-astrologische-einbettung\/\" \/>\n<meta property=\"og:site_name\" content=\"Wiener Schule f\u00fcr Bewusstsein\" \/>\n<meta property=\"article:published_time\" content=\"2026-02-26T11:18:28+00:00\" \/>\n<meta property=\"article:modified_time\" content=\"2026-03-12T00:32:37+00:00\" \/>\n<meta property=\"og:image\" content=\"https:\/\/mlrihigbn6vo.i.optimole.com\/w:auto\/h:auto\/q:mauto\/f:best\/ig:avif\/https:\/\/www.schule-bewusstsein.com\/Wordpress\/wp-content\/uploads\/2026\/02\/Astro_2026-03-20.jpg\" \/>\n\t<meta property=\"og:image:width\" content=\"1086\" \/>\n\t<meta property=\"og:image:height\" content=\"840\" \/>\n\t<meta property=\"og:image:type\" content=\"image\/jpeg\" \/>\n<meta name=\"author\" content=\"wordpressadmin\" \/>\n<meta name=\"twitter:card\" content=\"summary_large_image\" \/>\n<meta name=\"twitter:label1\" content=\"Verfasst von\" \/>\n\t<meta name=\"twitter:data1\" content=\"wordpressadmin\" \/>\n\t<meta name=\"twitter:label2\" content=\"Gesch\u00e4tzte Lesezeit\" \/>\n\t<meta name=\"twitter:data2\" content=\"5\u00a0Minuten\" \/>\n<script type=\"application\/ld+json\" class=\"yoast-schema-graph\">{\"@context\":\"https:\\\/\\\/schema.org\",\"@graph\":[{\"@type\":\"Article\",\"@id\":\"https:\\\/\\\/www.schule-bewusstsein.com\\\/Wordpress\\\/ostfest-2026-astrologische-einbettung\\\/#article\",\"isPartOf\":{\"@id\":\"https:\\\/\\\/www.schule-bewusstsein.com\\\/Wordpress\\\/ostfest-2026-astrologische-einbettung\\\/\"},\"author\":{\"name\":\"wordpressadmin\",\"@id\":\"https:\\\/\\\/www.schule-bewusstsein.com\\\/Wordpress\\\/#\\\/schema\\\/person\\\/a1cd9df61da100ee6afb917a9c9aedb5\"},\"headline\":\"astrologische Einbettung der Fr\u00fchlings Tag- und Nachtgleiche 2026\",\"datePublished\":\"2026-02-26T11:18:28+00:00\",\"dateModified\":\"2026-03-12T00:32:37+00:00\",\"mainEntityOfPage\":{\"@id\":\"https:\\\/\\\/www.schule-bewusstsein.com\\\/Wordpress\\\/ostfest-2026-astrologische-einbettung\\\/\"},\"wordCount\":723,\"commentCount\":0,\"publisher\":{\"@id\":\"https:\\\/\\\/www.schule-bewusstsein.com\\\/Wordpress\\\/#organization\"},\"image\":{\"@id\":\"https:\\\/\\\/www.schule-bewusstsein.com\\\/Wordpress\\\/ostfest-2026-astrologische-einbettung\\\/#primaryimage\"},\"thumbnailUrl\":\"https:\\/\\/www.schule-bewusstsein.com\\/Wordpress\\/wp-content\\/uploads\\/2026\\/02\\/Astro_2026-03-20.jpg\",\"articleSection\":[\"Astrologie\",\"Jahresfest\"],\"inLanguage\":\"de\",\"potentialAction\":[{\"@type\":\"CommentAction\",\"name\":\"Comment\",\"target\":[\"https:\\\/\\\/www.schule-bewusstsein.com\\\/Wordpress\\\/ostfest-2026-astrologische-einbettung\\\/#respond\"]}]},{\"@type\":\"WebPage\",\"@id\":\"https:\\\/\\\/www.schule-bewusstsein.com\\\/Wordpress\\\/ostfest-2026-astrologische-einbettung\\\/\",\"url\":\"https:\\\/\\\/www.schule-bewusstsein.com\\\/Wordpress\\\/ostfest-2026-astrologische-einbettung\\\/\",\"name\":\"astrologische Einbettung der Fr\u00fchlings Tag- und Nachtgleiche 2026 - Wiener Schule f\u00fcr Bewusstsein\",\"isPartOf\":{\"@id\":\"https:\\\/\\\/www.schule-bewusstsein.com\\\/Wordpress\\\/#website\"},\"primaryImageOfPage\":{\"@id\":\"https:\\\/\\\/www.schule-bewusstsein.com\\\/Wordpress\\\/ostfest-2026-astrologische-einbettung\\\/#primaryimage\"},\"image\":{\"@id\":\"https:\\\/\\\/www.schule-bewusstsein.com\\\/Wordpress\\\/ostfest-2026-astrologische-einbettung\\\/#primaryimage\"},\"thumbnailUrl\":\"https:\\/\\/www.schule-bewusstsein.com\\/Wordpress\\/wp-content\\/uploads\\/2026\\/02\\/Astro_2026-03-20.jpg\",\"datePublished\":\"2026-02-26T11:18:28+00:00\",\"dateModified\":\"2026-03-12T00:32:37+00:00\",\"breadcrumb\":{\"@id\":\"https:\\\/\\\/www.schule-bewusstsein.com\\\/Wordpress\\\/ostfest-2026-astrologische-einbettung\\\/#breadcrumb\"},\"inLanguage\":\"de\",\"potentialAction\":[{\"@type\":\"ReadAction\",\"target\":[\"https:\\\/\\\/www.schule-bewusstsein.com\\\/Wordpress\\\/ostfest-2026-astrologische-einbettung\\\/\"]}]},{\"@type\":\"ImageObject\",\"inLanguage\":\"de\",\"@id\":\"https:\\\/\\\/www.schule-bewusstsein.com\\\/Wordpress\\\/ostfest-2026-astrologische-einbettung\\\/#primaryimage\",\"url\":\"https:\\/\\/www.schule-bewusstsein.com\\/Wordpress\\/wp-content\\/uploads\\/2026\\/02\\/Astro_2026-03-20.jpg\",\"contentUrl\":\"https:\\/\\/www.schule-bewusstsein.com\\/Wordpress\\/wp-content\\/uploads\\/2026\\/02\\/Astro_2026-03-20.jpg\",\"width\":1086,\"height\":840},{\"@type\":\"BreadcrumbList\",\"@id\":\"https:\\\/\\\/www.schule-bewusstsein.com\\\/Wordpress\\\/ostfest-2026-astrologische-einbettung\\\/#breadcrumb\",\"itemListElement\":[{\"@type\":\"ListItem\",\"position\":1,\"name\":\"Startseite\",\"item\":\"https:\\\/\\\/www.schule-bewusstsein.com\\\/Wordpress\\\/\"},{\"@type\":\"ListItem\",\"position\":2,\"name\":\"astrologische Einbettung der Fr\u00fchlings Tag- und Nachtgleiche 2026\"}]},{\"@type\":\"WebSite\",\"@id\":\"https:\\\/\\\/www.schule-bewusstsein.com\\\/Wordpress\\\/#website\",\"url\":\"https:\\\/\\\/www.schule-bewusstsein.com\\\/Wordpress\\\/\",\"name\":\"Wiener Schule f\u00fcr Bewusstsein\",\"description\":\"\",\"publisher\":{\"@id\":\"https:\\\/\\\/www.schule-bewusstsein.com\\\/Wordpress\\\/#organization\"},\"potentialAction\":[{\"@type\":\"SearchAction\",\"target\":{\"@type\":\"EntryPoint\",\"urlTemplate\":\"https:\\\/\\\/www.schule-bewusstsein.com\\\/Wordpress\\\/?s={search_term_string}\"},\"query-input\":{\"@type\":\"PropertyValueSpecification\",\"valueRequired\":true,\"valueName\":\"search_term_string\"}}],\"inLanguage\":\"de\"},{\"@type\":\"Organization\",\"@id\":\"https:\\\/\\\/www.schule-bewusstsein.com\\\/Wordpress\\\/#organization\",\"name\":\"Wiener Schule f\u00fcr Bewusstsein\",\"url\":\"https:\\\/\\\/www.schule-bewusstsein.com\\\/Wordpress\\\/\",\"logo\":{\"@type\":\"ImageObject\",\"inLanguage\":\"de\",\"@id\":\"https:\\\/\\\/www.schule-bewusstsein.com\\\/Wordpress\\\/#\\\/schema\\\/logo\\\/image\\\/\",\"url\":\"https:\\/\\/www.schule-bewusstsein.com\\/Wordpress\\/wp-content\\/uploads\\/2022\\/02\\/LOGO-Schule-bunt-e1644674888998.png\",\"contentUrl\":\"https:\\/\\/www.schule-bewusstsein.com\\/Wordpress\\/wp-content\\/uploads\\/2022\\/02\\/LOGO-Schule-bunt-e1644674888998.png\",\"width\":500,\"height\":500,\"caption\":\"Wiener Schule f\u00fcr Bewusstsein\"},\"image\":{\"@id\":\"https:\\\/\\\/www.schule-bewusstsein.com\\\/Wordpress\\\/#\\\/schema\\\/logo\\\/image\\\/\"}},{\"@type\":\"Person\",\"@id\":\"https:\\\/\\\/www.schule-bewusstsein.com\\\/Wordpress\\\/#\\\/schema\\\/person\\\/a1cd9df61da100ee6afb917a9c9aedb5\",\"name\":\"wordpressadmin\",\"image\":{\"@type\":\"ImageObject\",\"inLanguage\":\"de\",\"@id\":\"https:\\\/\\\/secure.gravatar.com\\\/avatar\\\/364e1b06778741f8f809346e058b6cbce4ac9d3ec6b22bbe760108adf0892217?s=96&d=mm&r=g\",\"url\":\"https:\\\/\\\/secure.gravatar.com\\\/avatar\\\/364e1b06778741f8f809346e058b6cbce4ac9d3ec6b22bbe760108adf0892217?s=96&d=mm&r=g\",\"contentUrl\":\"https:\\\/\\\/secure.gravatar.com\\\/avatar\\\/364e1b06778741f8f809346e058b6cbce4ac9d3ec6b22bbe760108adf0892217?s=96&d=mm&r=g\",\"caption\":\"wordpressadmin\"},\"url\":\"https:\\\/\\\/www.schule-bewusstsein.com\\\/Wordpress\\\/author\\\/wordpressadmin\\\/\"}]}<\/script>\n<!-- \/ Yoast SEO plugin. -->","yoast_head_json":{"title":"astrologische Einbettung der Fr\u00fchlings Tag- und Nachtgleiche 2026 - Wiener Schule f\u00fcr Bewusstsein","robots":{"index":"index","follow":"follow","max-snippet":"max-snippet:-1","max-image-preview":"max-image-preview:large","max-video-preview":"max-video-preview:-1"},"canonical":"https:\/\/www.schule-bewusstsein.com\/Wordpress\/ostfest-2026-astrologische-einbettung\/","og_locale":"de_DE","og_type":"article","og_title":"astrologische Einbettung der Fr\u00fchlings Tag- und Nachtgleiche 2026 - Wiener Schule f\u00fcr Bewusstsein","og_description":"Die Qualit\u00e4ten Fr\u00fchjahr, Widder und Mars Der Fr\u00fchlingsbeginn ist einer der vier Jahreszeiten-Wendepunkte: eine der beiden Tag- und Nachtgleichen.Die Natur beginnt zu erwachen, zu treiben und sprie\u00dfen. Zunehmende Lebendigkeit und mehr Licht kennzeichnen diese Zeit. Astronomisch ist der Fr\u00fchlingsbeginn der Wechsel der Sonne vom Fisch in den Widder, genau gesagt auf 0\u00b000\u201800\u201c \u2013 also pr\u00e4zise [&hellip;]","og_url":"https:\/\/www.schule-bewusstsein.com\/Wordpress\/ostfest-2026-astrologische-einbettung\/","og_site_name":"Wiener Schule f\u00fcr Bewusstsein","article_published_time":"2026-02-26T11:18:28+00:00","article_modified_time":"2026-03-12T00:32:37+00:00","og_image":[{"width":1086,"height":840,"url":"https:\/\/mlrihigbn6vo.i.optimole.com\/w:auto\/h:auto\/q:mauto\/f:best\/ig:avif\/https:\/\/www.schule-bewusstsein.com\/Wordpress\/wp-content\/uploads\/2026\/02\/Astro_2026-03-20.jpg","type":"image\/jpeg"}],"author":"wordpressadmin","twitter_card":"summary_large_image","twitter_misc":{"Verfasst von":"wordpressadmin","Gesch\u00e4tzte Lesezeit":"5\u00a0Minuten"},"schema":{"@context":"https:\/\/schema.org","@graph":[{"@type":"Article","@id":"https:\/\/www.schule-bewusstsein.com\/Wordpress\/ostfest-2026-astrologische-einbettung\/#article","isPartOf":{"@id":"https:\/\/www.schule-bewusstsein.com\/Wordpress\/ostfest-2026-astrologische-einbettung\/"},"author":{"name":"wordpressadmin","@id":"https:\/\/www.schule-bewusstsein.com\/Wordpress\/#\/schema\/person\/a1cd9df61da100ee6afb917a9c9aedb5"},"headline":"astrologische Einbettung der Fr\u00fchlings Tag- und Nachtgleiche 2026","datePublished":"2026-02-26T11:18:28+00:00","dateModified":"2026-03-12T00:32:37+00:00","mainEntityOfPage":{"@id":"https:\/\/www.schule-bewusstsein.com\/Wordpress\/ostfest-2026-astrologische-einbettung\/"},"wordCount":723,"commentCount":0,"publisher":{"@id":"https:\/\/www.schule-bewusstsein.com\/Wordpress\/#organization"},"image":{"@id":"https:\/\/www.schule-bewusstsein.com\/Wordpress\/ostfest-2026-astrologische-einbettung\/#primaryimage"},"thumbnailUrl":"https:\/\/mlrihigbn6vo.i.optimole.com\/w:auto\/h:auto\/q:mauto\/f:best\/ig:avif\/https:\/\/www.schule-bewusstsein.com\/Wordpress\/wp-content\/uploads\/2026\/02\/Astro_2026-03-20.jpg","articleSection":["Astrologie","Jahresfest"],"inLanguage":"de","potentialAction":[{"@type":"CommentAction","name":"Comment","target":["https:\/\/www.schule-bewusstsein.com\/Wordpress\/ostfest-2026-astrologische-einbettung\/#respond"]}]},{"@type":"WebPage","@id":"https:\/\/www.schule-bewusstsein.com\/Wordpress\/ostfest-2026-astrologische-einbettung\/","url":"https:\/\/www.schule-bewusstsein.com\/Wordpress\/ostfest-2026-astrologische-einbettung\/","name":"astrologische Einbettung der Fr\u00fchlings Tag- und Nachtgleiche 2026 - Wiener Schule f\u00fcr Bewusstsein","isPartOf":{"@id":"https:\/\/www.schule-bewusstsein.com\/Wordpress\/#website"},"primaryImageOfPage":{"@id":"https:\/\/www.schule-bewusstsein.com\/Wordpress\/ostfest-2026-astrologische-einbettung\/#primaryimage"},"image":{"@id":"https:\/\/www.schule-bewusstsein.com\/Wordpress\/ostfest-2026-astrologische-einbettung\/#primaryimage"},"thumbnailUrl":"https:\/\/mlrihigbn6vo.i.optimole.com\/w:auto\/h:auto\/q:mauto\/f:best\/ig:avif\/https:\/\/www.schule-bewusstsein.com\/Wordpress\/wp-content\/uploads\/2026\/02\/Astro_2026-03-20.jpg","datePublished":"2026-02-26T11:18:28+00:00","dateModified":"2026-03-12T00:32:37+00:00","breadcrumb":{"@id":"https:\/\/www.schule-bewusstsein.com\/Wordpress\/ostfest-2026-astrologische-einbettung\/#breadcrumb"},"inLanguage":"de","potentialAction":[{"@type":"ReadAction","target":["https:\/\/www.schule-bewusstsein.com\/Wordpress\/ostfest-2026-astrologische-einbettung\/"]}]},{"@type":"ImageObject","inLanguage":"de","@id":"https:\/\/www.schule-bewusstsein.com\/Wordpress\/ostfest-2026-astrologische-einbettung\/#primaryimage","url":"https:\/\/mlrihigbn6vo.i.optimole.com\/w:auto\/h:auto\/q:mauto\/f:best\/ig:avif\/https:\/\/www.schule-bewusstsein.com\/Wordpress\/wp-content\/uploads\/2026\/02\/Astro_2026-03-20.jpg","contentUrl":"https:\/\/mlrihigbn6vo.i.optimole.com\/w:auto\/h:auto\/q:mauto\/f:best\/ig:avif\/https:\/\/www.schule-bewusstsein.com\/Wordpress\/wp-content\/uploads\/2026\/02\/Astro_2026-03-20.jpg","width":1086,"height":840},{"@type":"BreadcrumbList","@id":"https:\/\/www.schule-bewusstsein.com\/Wordpress\/ostfest-2026-astrologische-einbettung\/#breadcrumb","itemListElement":[{"@type":"ListItem","position":1,"name":"Startseite","item":"https:\/\/www.schule-bewusstsein.com\/Wordpress\/"},{"@type":"ListItem","position":2,"name":"astrologische Einbettung der Fr\u00fchlings Tag- und Nachtgleiche 2026"}]},{"@type":"WebSite","@id":"https:\/\/www.schule-bewusstsein.com\/Wordpress\/#website","url":"https:\/\/www.schule-bewusstsein.com\/Wordpress\/","name":"Wiener Schule f\u00fcr Bewusstsein","description":"","publisher":{"@id":"https:\/\/www.schule-bewusstsein.com\/Wordpress\/#organization"},"potentialAction":[{"@type":"SearchAction","target":{"@type":"EntryPoint","urlTemplate":"https:\/\/www.schule-bewusstsein.com\/Wordpress\/?s={search_term_string}"},"query-input":{"@type":"PropertyValueSpecification","valueRequired":true,"valueName":"search_term_string"}}],"inLanguage":"de"},{"@type":"Organization","@id":"https:\/\/www.schule-bewusstsein.com\/Wordpress\/#organization","name":"Wiener Schule f\u00fcr Bewusstsein","url":"https:\/\/www.schule-bewusstsein.com\/Wordpress\/","logo":{"@type":"ImageObject","inLanguage":"de","@id":"https:\/\/www.schule-bewusstsein.com\/Wordpress\/#\/schema\/logo\/image\/","url":"https:\/\/mlrihigbn6vo.i.optimole.com\/w:auto\/h:auto\/q:mauto\/f:best\/ig:avif\/https:\/\/www.schule-bewusstsein.com\/Wordpress\/wp-content\/uploads\/2022\/02\/LOGO-Schule-bunt-e1644674888998.png","contentUrl":"https:\/\/mlrihigbn6vo.i.optimole.com\/w:auto\/h:auto\/q:mauto\/f:best\/ig:avif\/https:\/\/www.schule-bewusstsein.com\/Wordpress\/wp-content\/uploads\/2022\/02\/LOGO-Schule-bunt-e1644674888998.png","width":500,"height":500,"caption":"Wiener Schule f\u00fcr Bewusstsein"},"image":{"@id":"https:\/\/www.schule-bewusstsein.com\/Wordpress\/#\/schema\/logo\/image\/"}},{"@type":"Person","@id":"https:\/\/www.schule-bewusstsein.com\/Wordpress\/#\/schema\/person\/a1cd9df61da100ee6afb917a9c9aedb5","name":"wordpressadmin","image":{"@type":"ImageObject","inLanguage":"de","@id":"https:\/\/secure.gravatar.com\/avatar\/364e1b06778741f8f809346e058b6cbce4ac9d3ec6b22bbe760108adf0892217?s=96&d=mm&r=g","url":"https:\/\/secure.gravatar.com\/avatar\/364e1b06778741f8f809346e058b6cbce4ac9d3ec6b22bbe760108adf0892217?s=96&d=mm&r=g","contentUrl":"https:\/\/secure.gravatar.com\/avatar\/364e1b06778741f8f809346e058b6cbce4ac9d3ec6b22bbe760108adf0892217?s=96&d=mm&r=g","caption":"wordpressadmin"},"url":"https:\/\/www.schule-bewusstsein.com\/Wordpress\/author\/wordpressadmin\/"}]}},"_links":{"self":[{"href":"https:\/\/www.schule-bewusstsein.com\/Wordpress\/wp-json\/wp\/v2\/posts\/1707","targetHints":{"allow":["GET"]}}],"collection":[{"href":"https:\/\/www.schule-bewusstsein.com\/Wordpress\/wp-json\/wp\/v2\/posts"}],"about":[{"href":"https:\/\/www.schule-bewusstsein.com\/Wordpress\/wp-json\/wp\/v2\/types\/post"}],"author":[{"embeddable":true,"href":"https:\/\/www.schule-bewusstsein.com\/Wordpress\/wp-json\/wp\/v2\/users\/1"}],"replies":[{"embeddable":true,"href":"https:\/\/www.schule-bewusstsein.com\/Wordpress\/wp-json\/wp\/v2\/comments?post=1707"}],"version-history":[{"count":11,"href":"https:\/\/www.schule-bewusstsein.com\/Wordpress\/wp-json\/wp\/v2\/posts\/1707\/revisions"}],"predecessor-version":[{"id":1811,"href":"https:\/\/www.schule-bewusstsein.com\/Wordpress\/wp-json\/wp\/v2\/posts\/1707\/revisions\/1811"}],"wp:featuredmedia":[{"embeddable":true,"href":"https:\/\/www.schule-bewusstsein.com\/Wordpress\/wp-json\/wp\/v2\/media\/1706"}],"wp:attachment":[{"href":"https:\/\/www.schule-bewusstsein.com\/Wordpress\/wp-json\/wp\/v2\/media?parent=1707"}],"wp:term":[{"taxonomy":"category","embeddable":true,"href":"https:\/\/www.schule-bewusstsein.com\/Wordpress\/wp-json\/wp\/v2\/categories?post=1707"},{"taxonomy":"post_tag","embeddable":true,"href":"https:\/\/www.schule-bewusstsein.com\/Wordpress\/wp-json\/wp\/v2\/tags?post=1707"}],"curies":[{"name":"wp","href":"https:\/\/api.w.org\/{rel}","templated":true}]}}