{"id":377,"date":"2021-05-07T19:05:41","date_gmt":"2021-05-07T17:05:41","guid":{"rendered":"https:\/\/www.schule-bewusstsein.com\/Wordpress\/?p=377"},"modified":"2021-12-22T13:56:48","modified_gmt":"2021-12-22T12:56:48","slug":"jahresgruppe-2019-2020-maskenmasken","status":"publish","type":"post","link":"https:\/\/www.schule-bewusstsein.com\/Wordpress\/jahresgruppe-2019-2020-maskenmasken\/","title":{"rendered":"Jahresgruppe 2019  2020 &#8211; \u201eMasken!Masken!\u201c"},"content":{"rendered":"<h1>Allgemein<\/h1>\n<p>14. Sep. 2019<\/p>\n<p>11:00 &#8211;\u00a018:00<\/p>\n<h2><strong>Veranstaltungstyp<\/strong><\/h2>\n<p>Jahresgruppen<\/p>\n<h2>Anmeldung<\/h2>\n<p><strong>Anmeldung erforderlich<br \/>\n<\/strong>ja<\/p>\n<p><a href=\"https:\/\/www.schule-bewusstsein.com\/Wordpress\/kontakt\/\">Anmelden<\/a><\/p>\n<h2>Inhalte<\/h2>\n<p>Die Jahresgruppe \u201eMasken!Masken!\u201c steht f\u00fcr eine anspruchsvolle und komplexe Besch\u00e4ftigung und Arbeit mit Masken auf vielf\u00e4ltige Art und Weise. Die verschiedenen Zug\u00e4nge und Arbeitsmethoden sind in den beiden Texten\u00a0\u201e<a href=\"https:\/\/www.schule-bewusstsein.com\/Wordpress\/wesen-und-magie-von-masken\/\">Wesen und Magie<\/a>\u201c\u00a0und \u201e<a href=\"https:\/\/www.schule-bewusstsein.com\/Wordpress\/arten-und-kontexte-von-masken\/\">Arten und Kontexte von Masken<\/a>\u201c ausf\u00fchrlich beschrieben und erl\u00e4utert. Das Maskenjahr ist entlang dieser inhaltlichen Linien aufgebaut. Wir empfehlen, diese beiden Texte als Vorbereitung und zur Einstimmung zu lesen.<\/p>\n<p>\u201eMasken!Masken!\u201c startet mit einem\u00a0<strong>Einf\u00fchrungsworkshop<\/strong>\u00a0am Samstag, den 14.9.2019 (11h &#8211; 18h), in dem das Jahresprogramm im \u00dcberblick aufgerollt und mit ersten kleinen praktischen \u00dcbungen mit Masken veranschaulicht wird.<\/p>\n<p>F\u00fcr Interessenten, die sich noch nicht endg\u00fcltig f\u00fcr eine Teilnahme entschieden haben, ist dieser Einf\u00fchrungstag eine Einscheidungshilfe; die Kursleitung steht f\u00fcr Fragen zur Verf\u00fcgung und am Ende des Tages wird die Gruppe endg\u00fcltig geschlossen.<br \/>\nDie Teilnahme am Einf\u00fchrungstag wird selbstverst\u00e4ndlich angerechnet.<\/p>\n<p>Das erste Wochenendworkshop findet vom Freitag, den 25. Oktober bis Sonntag, 27. Oktober statt \u2013 Details bitte dem Anmeldeformular entnehmen.<\/p>\n<p>Wir w\u00fcnschen allen ein bereicherndes und inspirierendes Maskenjahr und freuen uns, gemeinsam die so faszinierende Welt der Masken zu erforschen und zu erleben!<\/p>\n<p>Dr. Rudolf Kapellner und das Team der Schule<br \/>\nWien, im April 2019<\/p>\n<p>Die logistischen Details zu \u201eMasken!Masken!\u201c:<\/p>\n<p><strong>Gruppenleitung:<\/strong><\/p>\n<p>Gesamtleitung: Dr. Rudolf Kapellner, Co-Leitung: Mag. Elisabeth Schlegel, Leitungsassistenz: Dipl. P\u00e4d. Claudia Mosg\u00f6ller<\/p>\n<p><strong>Termine und Seminarzeiten:<\/strong><\/p>\n<p>Seminarzeiten: jeweils Freitag, 18h &#8211; 21h, Samstag 11h \u2013 18h, Sonntag 11h &#8211; 14h.<\/p>\n<p>Die Termine:<\/p>\n<ul>\n<li>\u00a0\u00a0\u00a0\u00a0\u00a0\u00a0\u00a0\u00a0\u00a0\u00a0\u00a0 Einf\u00fchrungsworkshop: Samstag, 14.9.2019, 11h &#8211; 18h<\/li>\n<li>\u00a0\u00a0\u00a0\u00a0\u00a0\u00a0\u00a0\u00a0\u00a0\u00a0\u00a0 1. Workshop: Freitag, 25.10. bis Sonntag, 27.10.2019<\/li>\n<li>\u00a0\u00a0\u00a0\u00a0\u00a0\u00a0\u00a0\u00a0\u00a0\u00a0\u00a0 2. Workshop: Freitag, 21.02. bis Sonntag, 23.02.2020<\/li>\n<li>\u00a0 \u00a0 \u00a0 \u00a0 \u00a0 \u00a0 3. Workshop: Freitag, 17.04. bis Sonntag, 19.04.2020<\/li>\n<li>\u00a0 \u00a0 \u00a0 \u00a0 \u00a0 \u00a0 Maskentanz:\u00a0 Freitag, 05.06. bis Samstag,13.06.2020<\/li>\n<\/ul>\n<p><strong>Veranstaltungsort Wochenendworkshops:<\/strong><\/p>\n<p>Seminarzentrum \u201eBewusst Sein im Fokus\u201c, Neubaugasse 44 \/ 2. Haus \/ 2. Stock, 1070 Wien<\/p>\n<p><strong>Veranstaltungsort Maskentanz:<\/strong><br \/>\nwird im Herbst 2019 der Gruppe bekannt gegeben \u2013 ein einfacher, abgeschiedener und ruhiger Seminarplatz am Land.<\/p>\n<p><strong>Teilnehmeranzahl:<\/strong><br \/>\nF\u00fcr das Maskenjahr gelten als Teilnehmeranzahlen:<br \/>\nMindestteilnehmer: 8; Maximalteilnehmer: 16.<br \/>\n<strong>Teilnahmegeb\u00fchr Einf\u00fchrungsworkshop:<\/strong><\/p>\n<p>Die Teilnahmegeb\u00fchr f\u00fcr den Einf\u00fchrungstag betr\u00e4gt\u00a0<strong>\u20ac 90,-<\/strong>\u00a0und wird bei Entscheidung zur Teilnahme selbstverst\u00e4ndlich angerechnet.<\/p>\n<p><strong>Teilnahmegeb\u00fchr Jahresgruppe:<\/strong><\/p>\n<p>Die Teilnahmegeb\u00fchr f\u00fcr die Jahresgruppe betr\u00e4gt\u00a0<strong>\u20ac 1.900,-<\/strong>\u00a0(keine MwSt. enthalten). Erm\u00e4\u00dfigung f\u00fcr Studenten auf Anfrage.<br \/>\nBeinhaltet alle Materialien w\u00e4hrend der Wochenend-Workshops sowie f\u00fcr den Maskenbau beim Maskentanz. Die Kosten f\u00fcr Unterkunft und Verpflegung w\u00e4hrend des Maskentanzes ist nicht in der Teilnahmegeb\u00fchr inbegriffen.<\/p>\n<p><strong>Fr\u00fchbucher-Bonus:<\/strong><\/p>\n<p>Bei Anmeldung und Bezahlung der gesamten Teilnahmegeb\u00fchr bis zum 31. Mai 2019 wird ein Preisnachlass von\u00a0<strong>\u20ac 190,-<\/strong>\u00a0gegeben &#8211; der\u00a0<strong>Fr\u00fchbucherpreis\u00a0<\/strong>ist<strong>\u00a0\u20ac 1.710,-<\/strong><\/p>\n<p><strong>Einzahlung der Teilnahmegeb\u00fchr:<\/strong><\/p>\n<p>Auf das Konto bei der Hypo-N\u00d6, lautend auf Dr. Rudolf Kapellner, IBAN: AT32 5300 0011 5509 2242, BIC: HYPNATWW. Bezeichnung: Teilnahmegeb\u00fchr SCHATTENJAHR II.<\/p>\n<p><strong>R\u00fccktrittsbedingungen<\/strong><\/p>\n<p>Bei R\u00fccktritt von der Jahresgruppe bis zum Freitag, 27.09.2019 wird keine Stornogeb\u00fchr, sondern nur eine Bearbeitungsgeb\u00fchr von \u20ac 100,- verrechnet. Bei R\u00fccktritt ab Samstag, 28.092019 ist der gesamte Betrag f\u00e4llig, au\u00dfer es r\u00fcckt jemand von der Warteliste nach. Die Bearbeitungsgeb\u00fchr von \u20ac 100,- wird auch in diesem Fall verrechnet.<\/p>\n<p><strong>Hinweis:<\/strong><\/p>\n<p>Diese Veranstaltung erfolgt in voller Eigenverantwortung und ist keinerlei Ersatz f\u00fcr eine psychologische, psychotherapeutische, psychiatrische oder medizinische Behandlung.<\/p>\n","protected":false},"excerpt":{"rendered":"<p>Allgemein 14. Sep. 2019 11:00 &#8211;\u00a018:00 Veranstaltungstyp Jahresgruppen Anmeldung Anmeldung erforderlich ja Anmelden Inhalte Die Jahresgruppe \u201eMasken!Masken!\u201c steht f\u00fcr eine anspruchsvolle und komplexe Besch\u00e4ftigung und Arbeit mit Masken auf vielf\u00e4ltige Art und Weise. Die verschiedenen Zug\u00e4nge und Arbeitsmethoden sind in den beiden Texten\u00a0\u201eWesen und Magie\u201c\u00a0und \u201eArten und Kontexte von Masken\u201c ausf\u00fchrlich beschrieben und erl\u00e4utert. Das [&hellip;]<\/p>\n","protected":false},"author":1,"featured_media":378,"comment_status":"open","ping_status":"open","sticky":false,"template":"","format":"standard","meta":{"site-sidebar-layout":"default","site-content-layout":"default","ast-site-content-layout":"default","site-content-style":"default","site-sidebar-style":"default","ast-global-header-display":"","ast-banner-title-visibility":"","ast-main-header-display":"","ast-hfb-above-header-display":"","ast-hfb-below-header-display":"","ast-hfb-mobile-header-display":"","site-post-title":"","ast-breadcrumbs-content":"","ast-featured-img":"","footer-sml-layout":"","ast-disable-related-posts":"","theme-transparent-header-meta":"default","adv-header-id-meta":"","stick-header-meta":"","header-above-stick-meta":"","header-main-stick-meta":"","header-below-stick-meta":"","astra-migrate-meta-layouts":"default","ast-page-background-enabled":"default","ast-page-background-meta":{"desktop":{"background-color":"","background-image":"","background-repeat":"repeat","background-position":"center center","background-size":"auto","background-attachment":"scroll","background-type":"","background-media":"","overlay-type":"","overlay-color":"","overlay-opacity":"","overlay-gradient":""},"tablet":{"background-color":"","background-image":"","background-repeat":"repeat","background-position":"center center","background-size":"auto","background-attachment":"scroll","background-type":"","background-media":"","overlay-type":"","overlay-color":"","overlay-opacity":"","overlay-gradient":""},"mobile":{"background-color":"","background-image":"","background-repeat":"repeat","background-position":"center center","background-size":"auto","background-attachment":"scroll","background-type":"","background-media":"","overlay-type":"","overlay-color":"","overlay-opacity":"","overlay-gradient":""}},"ast-content-background-meta":{"desktop":{"background-color":"var(--ast-global-color-5)","background-image":"","background-repeat":"repeat","background-position":"center center","background-size":"auto","background-attachment":"scroll","background-type":"","background-media":"","overlay-type":"","overlay-color":"","overlay-opacity":"","overlay-gradient":""},"tablet":{"background-color":"var(--ast-global-color-5)","background-image":"","background-repeat":"repeat","background-position":"center center","background-size":"auto","background-attachment":"scroll","background-type":"","background-media":"","overlay-type":"","overlay-color":"","overlay-opacity":"","overlay-gradient":""},"mobile":{"background-color":"var(--ast-global-color-5)","background-image":"","background-repeat":"repeat","background-position":"center center","background-size":"auto","background-attachment":"scroll","background-type":"","background-media":"","overlay-type":"","overlay-color":"","overlay-opacity":"","overlay-gradient":""}},"footnotes":""},"categories":[6],"tags":[],"class_list":["post-377","post","type-post","status-publish","format-standard","has-post-thumbnail","hentry","category-event"],"yoast_head":"<!-- This site is optimized with the Yoast SEO plugin v28.3 - https:\/\/yoast.com\/product\/yoast-seo-wordpress\/ -->\n<title>Jahresgruppe 2019 2020 - \u201eMasken!Masken!\u201c - Wiener Schule f\u00fcr Bewusstsein<\/title>\n<meta name=\"robots\" content=\"index, follow, max-snippet:-1, max-image-preview:large, max-video-preview:-1\" \/>\n<link rel=\"canonical\" href=\"https:\/\/www.schule-bewusstsein.com\/Wordpress\/jahresgruppe-2019-2020-maskenmasken\/\" \/>\n<meta property=\"og:locale\" content=\"de_DE\" \/>\n<meta property=\"og:type\" content=\"article\" \/>\n<meta property=\"og:title\" content=\"Jahresgruppe 2019 2020 - \u201eMasken!Masken!\u201c - Wiener Schule f\u00fcr Bewusstsein\" \/>\n<meta property=\"og:description\" content=\"Allgemein 14. Sep. 2019 11:00 &#8211;\u00a018:00 Veranstaltungstyp Jahresgruppen Anmeldung Anmeldung erforderlich ja Anmelden Inhalte Die Jahresgruppe \u201eMasken!Masken!\u201c steht f\u00fcr eine anspruchsvolle und komplexe Besch\u00e4ftigung und Arbeit mit Masken auf vielf\u00e4ltige Art und Weise. Die verschiedenen Zug\u00e4nge und Arbeitsmethoden sind in den beiden Texten\u00a0\u201eWesen und Magie\u201c\u00a0und \u201eArten und Kontexte von Masken\u201c ausf\u00fchrlich beschrieben und erl\u00e4utert. Das [&hellip;]\" \/>\n<meta property=\"og:url\" content=\"https:\/\/www.schule-bewusstsein.com\/Wordpress\/jahresgruppe-2019-2020-maskenmasken\/\" \/>\n<meta property=\"og:site_name\" content=\"Wiener Schule f\u00fcr Bewusstsein\" \/>\n<meta property=\"article:published_time\" content=\"2021-05-07T17:05:41+00:00\" \/>\n<meta property=\"article:modified_time\" content=\"2021-12-22T12:56:48+00:00\" \/>\n<meta property=\"og:image\" content=\"https:\/\/mlrihigbn6vo.i.optimole.com\/w:auto\/h:auto\/q:mauto\/f:best\/ig:avif\/https:\/\/www.schule-bewusstsein.com\/Wordpress\/wp-content\/uploads\/2021\/05\/Maskebearb2_1-1.jpg\" \/>\n\t<meta property=\"og:image:width\" content=\"1000\" \/>\n\t<meta property=\"og:image:height\" content=\"500\" \/>\n\t<meta property=\"og:image:type\" content=\"image\/jpeg\" \/>\n<meta name=\"author\" content=\"wordpressadmin\" \/>\n<meta name=\"twitter:card\" content=\"summary_large_image\" \/>\n<meta name=\"twitter:label1\" content=\"Verfasst von\" \/>\n\t<meta name=\"twitter:data1\" content=\"wordpressadmin\" \/>\n\t<meta name=\"twitter:label2\" content=\"Gesch\u00e4tzte Lesezeit\" \/>\n\t<meta name=\"twitter:data2\" content=\"3\u00a0Minuten\" \/>\n<script type=\"application\/ld+json\" class=\"yoast-schema-graph\">{\"@context\":\"https:\\\/\\\/schema.org\",\"@graph\":[{\"@type\":\"Article\",\"@id\":\"https:\\\/\\\/www.schule-bewusstsein.com\\\/Wordpress\\\/jahresgruppe-2019-2020-maskenmasken\\\/#article\",\"isPartOf\":{\"@id\":\"https:\\\/\\\/www.schule-bewusstsein.com\\\/Wordpress\\\/jahresgruppe-2019-2020-maskenmasken\\\/\"},\"author\":{\"name\":\"wordpressadmin\",\"@id\":\"https:\\\/\\\/www.schule-bewusstsein.com\\\/Wordpress\\\/#\\\/schema\\\/person\\\/a1cd9df61da100ee6afb917a9c9aedb5\"},\"headline\":\"Jahresgruppe 2019 2020 &#8211; \u201eMasken!Masken!\u201c\",\"datePublished\":\"2021-05-07T17:05:41+00:00\",\"dateModified\":\"2021-12-22T12:56:48+00:00\",\"mainEntityOfPage\":{\"@id\":\"https:\\\/\\\/www.schule-bewusstsein.com\\\/Wordpress\\\/jahresgruppe-2019-2020-maskenmasken\\\/\"},\"wordCount\":519,\"commentCount\":0,\"publisher\":{\"@id\":\"https:\\\/\\\/www.schule-bewusstsein.com\\\/Wordpress\\\/#organization\"},\"image\":{\"@id\":\"https:\\\/\\\/www.schule-bewusstsein.com\\\/Wordpress\\\/jahresgruppe-2019-2020-maskenmasken\\\/#primaryimage\"},\"thumbnailUrl\":\"https:\\/\\/www.schule-bewusstsein.com\\/Wordpress\\/wp-content\\/uploads\\/2021\\/05\\/Maskebearb2_1-1.jpg\",\"articleSection\":[\"Veranstaltung\"],\"inLanguage\":\"de\",\"potentialAction\":[{\"@type\":\"CommentAction\",\"name\":\"Comment\",\"target\":[\"https:\\\/\\\/www.schule-bewusstsein.com\\\/Wordpress\\\/jahresgruppe-2019-2020-maskenmasken\\\/#respond\"]}]},{\"@type\":\"WebPage\",\"@id\":\"https:\\\/\\\/www.schule-bewusstsein.com\\\/Wordpress\\\/jahresgruppe-2019-2020-maskenmasken\\\/\",\"url\":\"https:\\\/\\\/www.schule-bewusstsein.com\\\/Wordpress\\\/jahresgruppe-2019-2020-maskenmasken\\\/\",\"name\":\"Jahresgruppe 2019 2020 - \u201eMasken!Masken!\u201c - Wiener Schule f\u00fcr Bewusstsein\",\"isPartOf\":{\"@id\":\"https:\\\/\\\/www.schule-bewusstsein.com\\\/Wordpress\\\/#website\"},\"primaryImageOfPage\":{\"@id\":\"https:\\\/\\\/www.schule-bewusstsein.com\\\/Wordpress\\\/jahresgruppe-2019-2020-maskenmasken\\\/#primaryimage\"},\"image\":{\"@id\":\"https:\\\/\\\/www.schule-bewusstsein.com\\\/Wordpress\\\/jahresgruppe-2019-2020-maskenmasken\\\/#primaryimage\"},\"thumbnailUrl\":\"https:\\/\\/www.schule-bewusstsein.com\\/Wordpress\\/wp-content\\/uploads\\/2021\\/05\\/Maskebearb2_1-1.jpg\",\"datePublished\":\"2021-05-07T17:05:41+00:00\",\"dateModified\":\"2021-12-22T12:56:48+00:00\",\"breadcrumb\":{\"@id\":\"https:\\\/\\\/www.schule-bewusstsein.com\\\/Wordpress\\\/jahresgruppe-2019-2020-maskenmasken\\\/#breadcrumb\"},\"inLanguage\":\"de\",\"potentialAction\":[{\"@type\":\"ReadAction\",\"target\":[\"https:\\\/\\\/www.schule-bewusstsein.com\\\/Wordpress\\\/jahresgruppe-2019-2020-maskenmasken\\\/\"]}]},{\"@type\":\"ImageObject\",\"inLanguage\":\"de\",\"@id\":\"https:\\\/\\\/www.schule-bewusstsein.com\\\/Wordpress\\\/jahresgruppe-2019-2020-maskenmasken\\\/#primaryimage\",\"url\":\"https:\\/\\/www.schule-bewusstsein.com\\/Wordpress\\/wp-content\\/uploads\\/2021\\/05\\/Maskebearb2_1-1.jpg\",\"contentUrl\":\"https:\\/\\/www.schule-bewusstsein.com\\/Wordpress\\/wp-content\\/uploads\\/2021\\/05\\/Maskebearb2_1-1.jpg\",\"width\":1000,\"height\":500},{\"@type\":\"BreadcrumbList\",\"@id\":\"https:\\\/\\\/www.schule-bewusstsein.com\\\/Wordpress\\\/jahresgruppe-2019-2020-maskenmasken\\\/#breadcrumb\",\"itemListElement\":[{\"@type\":\"ListItem\",\"position\":1,\"name\":\"Startseite\",\"item\":\"https:\\\/\\\/www.schule-bewusstsein.com\\\/Wordpress\\\/\"},{\"@type\":\"ListItem\",\"position\":2,\"name\":\"Jahresgruppe 2019 2020 &#8211; \u201eMasken!Masken!\u201c\"}]},{\"@type\":\"WebSite\",\"@id\":\"https:\\\/\\\/www.schule-bewusstsein.com\\\/Wordpress\\\/#website\",\"url\":\"https:\\\/\\\/www.schule-bewusstsein.com\\\/Wordpress\\\/\",\"name\":\"Wiener Schule f\u00fcr Bewusstsein\",\"description\":\"\",\"publisher\":{\"@id\":\"https:\\\/\\\/www.schule-bewusstsein.com\\\/Wordpress\\\/#organization\"},\"potentialAction\":[{\"@type\":\"SearchAction\",\"target\":{\"@type\":\"EntryPoint\",\"urlTemplate\":\"https:\\\/\\\/www.schule-bewusstsein.com\\\/Wordpress\\\/?s={search_term_string}\"},\"query-input\":{\"@type\":\"PropertyValueSpecification\",\"valueRequired\":true,\"valueName\":\"search_term_string\"}}],\"inLanguage\":\"de\"},{\"@type\":\"Organization\",\"@id\":\"https:\\\/\\\/www.schule-bewusstsein.com\\\/Wordpress\\\/#organization\",\"name\":\"Wiener Schule f\u00fcr Bewusstsein\",\"url\":\"https:\\\/\\\/www.schule-bewusstsein.com\\\/Wordpress\\\/\",\"logo\":{\"@type\":\"ImageObject\",\"inLanguage\":\"de\",\"@id\":\"https:\\\/\\\/www.schule-bewusstsein.com\\\/Wordpress\\\/#\\\/schema\\\/logo\\\/image\\\/\",\"url\":\"https:\\/\\/www.schule-bewusstsein.com\\/Wordpress\\/wp-content\\/uploads\\/2022\\/02\\/LOGO-Schule-bunt-e1644674888998.png\",\"contentUrl\":\"https:\\/\\/www.schule-bewusstsein.com\\/Wordpress\\/wp-content\\/uploads\\/2022\\/02\\/LOGO-Schule-bunt-e1644674888998.png\",\"width\":500,\"height\":500,\"caption\":\"Wiener Schule f\u00fcr Bewusstsein\"},\"image\":{\"@id\":\"https:\\\/\\\/www.schule-bewusstsein.com\\\/Wordpress\\\/#\\\/schema\\\/logo\\\/image\\\/\"}},{\"@type\":\"Person\",\"@id\":\"https:\\\/\\\/www.schule-bewusstsein.com\\\/Wordpress\\\/#\\\/schema\\\/person\\\/a1cd9df61da100ee6afb917a9c9aedb5\",\"name\":\"wordpressadmin\",\"image\":{\"@type\":\"ImageObject\",\"inLanguage\":\"de\",\"@id\":\"https:\\\/\\\/secure.gravatar.com\\\/avatar\\\/364e1b06778741f8f809346e058b6cbce4ac9d3ec6b22bbe760108adf0892217?s=96&d=mm&r=g\",\"url\":\"https:\\\/\\\/secure.gravatar.com\\\/avatar\\\/364e1b06778741f8f809346e058b6cbce4ac9d3ec6b22bbe760108adf0892217?s=96&d=mm&r=g\",\"contentUrl\":\"https:\\\/\\\/secure.gravatar.com\\\/avatar\\\/364e1b06778741f8f809346e058b6cbce4ac9d3ec6b22bbe760108adf0892217?s=96&d=mm&r=g\",\"caption\":\"wordpressadmin\"},\"url\":\"https:\\\/\\\/www.schule-bewusstsein.com\\\/Wordpress\\\/author\\\/wordpressadmin\\\/\"}]}<\/script>\n<!-- \/ Yoast SEO plugin. -->","yoast_head_json":{"title":"Jahresgruppe 2019 2020 - \u201eMasken!Masken!\u201c - Wiener Schule f\u00fcr Bewusstsein","robots":{"index":"index","follow":"follow","max-snippet":"max-snippet:-1","max-image-preview":"max-image-preview:large","max-video-preview":"max-video-preview:-1"},"canonical":"https:\/\/www.schule-bewusstsein.com\/Wordpress\/jahresgruppe-2019-2020-maskenmasken\/","og_locale":"de_DE","og_type":"article","og_title":"Jahresgruppe 2019 2020 - \u201eMasken!Masken!\u201c - Wiener Schule f\u00fcr Bewusstsein","og_description":"Allgemein 14. Sep. 2019 11:00 &#8211;\u00a018:00 Veranstaltungstyp Jahresgruppen Anmeldung Anmeldung erforderlich ja Anmelden Inhalte Die Jahresgruppe \u201eMasken!Masken!\u201c steht f\u00fcr eine anspruchsvolle und komplexe Besch\u00e4ftigung und Arbeit mit Masken auf vielf\u00e4ltige Art und Weise. Die verschiedenen Zug\u00e4nge und Arbeitsmethoden sind in den beiden Texten\u00a0\u201eWesen und Magie\u201c\u00a0und \u201eArten und Kontexte von Masken\u201c ausf\u00fchrlich beschrieben und erl\u00e4utert. Das [&hellip;]","og_url":"https:\/\/www.schule-bewusstsein.com\/Wordpress\/jahresgruppe-2019-2020-maskenmasken\/","og_site_name":"Wiener Schule f\u00fcr Bewusstsein","article_published_time":"2021-05-07T17:05:41+00:00","article_modified_time":"2021-12-22T12:56:48+00:00","og_image":[{"width":1000,"height":500,"url":"https:\/\/mlrihigbn6vo.i.optimole.com\/w:auto\/h:auto\/q:mauto\/f:best\/ig:avif\/https:\/\/www.schule-bewusstsein.com\/Wordpress\/wp-content\/uploads\/2021\/05\/Maskebearb2_1-1.jpg","type":"image\/jpeg"}],"author":"wordpressadmin","twitter_card":"summary_large_image","twitter_misc":{"Verfasst von":"wordpressadmin","Gesch\u00e4tzte Lesezeit":"3\u00a0Minuten"},"schema":{"@context":"https:\/\/schema.org","@graph":[{"@type":"Article","@id":"https:\/\/www.schule-bewusstsein.com\/Wordpress\/jahresgruppe-2019-2020-maskenmasken\/#article","isPartOf":{"@id":"https:\/\/www.schule-bewusstsein.com\/Wordpress\/jahresgruppe-2019-2020-maskenmasken\/"},"author":{"name":"wordpressadmin","@id":"https:\/\/www.schule-bewusstsein.com\/Wordpress\/#\/schema\/person\/a1cd9df61da100ee6afb917a9c9aedb5"},"headline":"Jahresgruppe 2019 2020 &#8211; \u201eMasken!Masken!\u201c","datePublished":"2021-05-07T17:05:41+00:00","dateModified":"2021-12-22T12:56:48+00:00","mainEntityOfPage":{"@id":"https:\/\/www.schule-bewusstsein.com\/Wordpress\/jahresgruppe-2019-2020-maskenmasken\/"},"wordCount":519,"commentCount":0,"publisher":{"@id":"https:\/\/www.schule-bewusstsein.com\/Wordpress\/#organization"},"image":{"@id":"https:\/\/www.schule-bewusstsein.com\/Wordpress\/jahresgruppe-2019-2020-maskenmasken\/#primaryimage"},"thumbnailUrl":"https:\/\/mlrihigbn6vo.i.optimole.com\/w:auto\/h:auto\/q:mauto\/f:best\/ig:avif\/https:\/\/www.schule-bewusstsein.com\/Wordpress\/wp-content\/uploads\/2021\/05\/Maskebearb2_1-1.jpg","articleSection":["Veranstaltung"],"inLanguage":"de","potentialAction":[{"@type":"CommentAction","name":"Comment","target":["https:\/\/www.schule-bewusstsein.com\/Wordpress\/jahresgruppe-2019-2020-maskenmasken\/#respond"]}]},{"@type":"WebPage","@id":"https:\/\/www.schule-bewusstsein.com\/Wordpress\/jahresgruppe-2019-2020-maskenmasken\/","url":"https:\/\/www.schule-bewusstsein.com\/Wordpress\/jahresgruppe-2019-2020-maskenmasken\/","name":"Jahresgruppe 2019 2020 - \u201eMasken!Masken!\u201c - Wiener Schule f\u00fcr Bewusstsein","isPartOf":{"@id":"https:\/\/www.schule-bewusstsein.com\/Wordpress\/#website"},"primaryImageOfPage":{"@id":"https:\/\/www.schule-bewusstsein.com\/Wordpress\/jahresgruppe-2019-2020-maskenmasken\/#primaryimage"},"image":{"@id":"https:\/\/www.schule-bewusstsein.com\/Wordpress\/jahresgruppe-2019-2020-maskenmasken\/#primaryimage"},"thumbnailUrl":"https:\/\/mlrihigbn6vo.i.optimole.com\/w:auto\/h:auto\/q:mauto\/f:best\/ig:avif\/https:\/\/www.schule-bewusstsein.com\/Wordpress\/wp-content\/uploads\/2021\/05\/Maskebearb2_1-1.jpg","datePublished":"2021-05-07T17:05:41+00:00","dateModified":"2021-12-22T12:56:48+00:00","breadcrumb":{"@id":"https:\/\/www.schule-bewusstsein.com\/Wordpress\/jahresgruppe-2019-2020-maskenmasken\/#breadcrumb"},"inLanguage":"de","potentialAction":[{"@type":"ReadAction","target":["https:\/\/www.schule-bewusstsein.com\/Wordpress\/jahresgruppe-2019-2020-maskenmasken\/"]}]},{"@type":"ImageObject","inLanguage":"de","@id":"https:\/\/www.schule-bewusstsein.com\/Wordpress\/jahresgruppe-2019-2020-maskenmasken\/#primaryimage","url":"https:\/\/mlrihigbn6vo.i.optimole.com\/w:auto\/h:auto\/q:mauto\/f:best\/ig:avif\/https:\/\/www.schule-bewusstsein.com\/Wordpress\/wp-content\/uploads\/2021\/05\/Maskebearb2_1-1.jpg","contentUrl":"https:\/\/mlrihigbn6vo.i.optimole.com\/w:auto\/h:auto\/q:mauto\/f:best\/ig:avif\/https:\/\/www.schule-bewusstsein.com\/Wordpress\/wp-content\/uploads\/2021\/05\/Maskebearb2_1-1.jpg","width":1000,"height":500},{"@type":"BreadcrumbList","@id":"https:\/\/www.schule-bewusstsein.com\/Wordpress\/jahresgruppe-2019-2020-maskenmasken\/#breadcrumb","itemListElement":[{"@type":"ListItem","position":1,"name":"Startseite","item":"https:\/\/www.schule-bewusstsein.com\/Wordpress\/"},{"@type":"ListItem","position":2,"name":"Jahresgruppe 2019 2020 &#8211; \u201eMasken!Masken!\u201c"}]},{"@type":"WebSite","@id":"https:\/\/www.schule-bewusstsein.com\/Wordpress\/#website","url":"https:\/\/www.schule-bewusstsein.com\/Wordpress\/","name":"Wiener Schule f\u00fcr Bewusstsein","description":"","publisher":{"@id":"https:\/\/www.schule-bewusstsein.com\/Wordpress\/#organization"},"potentialAction":[{"@type":"SearchAction","target":{"@type":"EntryPoint","urlTemplate":"https:\/\/www.schule-bewusstsein.com\/Wordpress\/?s={search_term_string}"},"query-input":{"@type":"PropertyValueSpecification","valueRequired":true,"valueName":"search_term_string"}}],"inLanguage":"de"},{"@type":"Organization","@id":"https:\/\/www.schule-bewusstsein.com\/Wordpress\/#organization","name":"Wiener Schule f\u00fcr Bewusstsein","url":"https:\/\/www.schule-bewusstsein.com\/Wordpress\/","logo":{"@type":"ImageObject","inLanguage":"de","@id":"https:\/\/www.schule-bewusstsein.com\/Wordpress\/#\/schema\/logo\/image\/","url":"https:\/\/mlrihigbn6vo.i.optimole.com\/w:auto\/h:auto\/q:mauto\/f:best\/ig:avif\/https:\/\/www.schule-bewusstsein.com\/Wordpress\/wp-content\/uploads\/2022\/02\/LOGO-Schule-bunt-e1644674888998.png","contentUrl":"https:\/\/mlrihigbn6vo.i.optimole.com\/w:auto\/h:auto\/q:mauto\/f:best\/ig:avif\/https:\/\/www.schule-bewusstsein.com\/Wordpress\/wp-content\/uploads\/2022\/02\/LOGO-Schule-bunt-e1644674888998.png","width":500,"height":500,"caption":"Wiener Schule f\u00fcr Bewusstsein"},"image":{"@id":"https:\/\/www.schule-bewusstsein.com\/Wordpress\/#\/schema\/logo\/image\/"}},{"@type":"Person","@id":"https:\/\/www.schule-bewusstsein.com\/Wordpress\/#\/schema\/person\/a1cd9df61da100ee6afb917a9c9aedb5","name":"wordpressadmin","image":{"@type":"ImageObject","inLanguage":"de","@id":"https:\/\/secure.gravatar.com\/avatar\/364e1b06778741f8f809346e058b6cbce4ac9d3ec6b22bbe760108adf0892217?s=96&d=mm&r=g","url":"https:\/\/secure.gravatar.com\/avatar\/364e1b06778741f8f809346e058b6cbce4ac9d3ec6b22bbe760108adf0892217?s=96&d=mm&r=g","contentUrl":"https:\/\/secure.gravatar.com\/avatar\/364e1b06778741f8f809346e058b6cbce4ac9d3ec6b22bbe760108adf0892217?s=96&d=mm&r=g","caption":"wordpressadmin"},"url":"https:\/\/www.schule-bewusstsein.com\/Wordpress\/author\/wordpressadmin\/"}]}},"_links":{"self":[{"href":"https:\/\/www.schule-bewusstsein.com\/Wordpress\/wp-json\/wp\/v2\/posts\/377","targetHints":{"allow":["GET"]}}],"collection":[{"href":"https:\/\/www.schule-bewusstsein.com\/Wordpress\/wp-json\/wp\/v2\/posts"}],"about":[{"href":"https:\/\/www.schule-bewusstsein.com\/Wordpress\/wp-json\/wp\/v2\/types\/post"}],"author":[{"embeddable":true,"href":"https:\/\/www.schule-bewusstsein.com\/Wordpress\/wp-json\/wp\/v2\/users\/1"}],"replies":[{"embeddable":true,"href":"https:\/\/www.schule-bewusstsein.com\/Wordpress\/wp-json\/wp\/v2\/comments?post=377"}],"version-history":[{"count":1,"href":"https:\/\/www.schule-bewusstsein.com\/Wordpress\/wp-json\/wp\/v2\/posts\/377\/revisions"}],"predecessor-version":[{"id":679,"href":"https:\/\/www.schule-bewusstsein.com\/Wordpress\/wp-json\/wp\/v2\/posts\/377\/revisions\/679"}],"wp:featuredmedia":[{"embeddable":true,"href":"https:\/\/www.schule-bewusstsein.com\/Wordpress\/wp-json\/wp\/v2\/media\/378"}],"wp:attachment":[{"href":"https:\/\/www.schule-bewusstsein.com\/Wordpress\/wp-json\/wp\/v2\/media?parent=377"}],"wp:term":[{"taxonomy":"category","embeddable":true,"href":"https:\/\/www.schule-bewusstsein.com\/Wordpress\/wp-json\/wp\/v2\/categories?post=377"},{"taxonomy":"post_tag","embeddable":true,"href":"https:\/\/www.schule-bewusstsein.com\/Wordpress\/wp-json\/wp\/v2\/tags?post=377"}],"curies":[{"name":"wp","href":"https:\/\/api.w.org\/{rel}","templated":true}]}}