{"id":389,"date":"2021-05-07T19:10:24","date_gmt":"2021-05-07T17:10:24","guid":{"rendered":"https:\/\/www.schule-bewusstsein.com\/Wordpress\/?p=389"},"modified":"2021-12-22T13:56:10","modified_gmt":"2021-12-22T12:56:10","slug":"vision-und-transzendenz","status":"publish","type":"post","link":"https:\/\/www.schule-bewusstsein.com\/Wordpress\/vision-und-transzendenz\/","title":{"rendered":"Vision und Transzendenz &#8211; September 2019"},"content":{"rendered":"<h1>Allgemein<\/h1>\n<p>25. Sep. 2019<\/p>\n<p>19:30 &#8211;\u00a022:00<\/p>\n<h2><strong>Veranstaltungstyp<\/strong><\/h2>\n<p>Vortrag<\/p>\n<h2>Anmeldung<\/h2>\n<p><strong>Anmeldung erforderlich<br \/>\n<\/strong>ja<\/p>\n<p><a href=\"https:\/\/www.schule-bewusstsein.com\/Wordpress\/kontakt\/\">Anmelden per Mail<\/a><\/p>\n<h2>Inhalte<\/h2>\n<p>Der erste Abend vom ersten Abendzyklus wendet sich nach einer Einf\u00fchrung in die Thematik \u201eTranszendenz\u201c dem Wesen und der Praxis von Visionen zu. Sind doch Visionen ein Ergebnis jener Bestrebungen, unserem Leben einen \u00fcbergeordneten, dem Alltag enthobenen, das ganze Leben und alle Lebensr\u00e4ume umfassenden Sinn zu geben. Vision und Lebenssinn geh\u00f6ren untrennbar zusammen. Doch wohnen Visionen nicht im Alltagsgetriebe, sondern wachsen im \u201enoetischen Erdreich\u201c &#8211; jenem Bewusstseinsraum, der sozusagen \u201evon unten\u201c an die lichten H\u00f6hen von Gleichzeitigkeit und Nichtzeitlichkeit, also purer Transzendenz, heranreicht. Mit Hilfe entsprechender F\u00fchrung und geeigneter Methoden, die f\u00fcr die allermeisten Menschen in \u00fcberraschend kurzer Zeit erlernbar sind, kann man diese Visionsr\u00e4ume aufsuchen und von dort Lebenssinn gebende Visionen mitbringen.<\/p>\n<p>Dies wird an diesem Abend erl\u00e4utert und in einer praktischen \u00dcbung mit der Visions-Trance erlebbar und erfahrbar gemacht.<\/p>\n<p>Teilnahmegeb\u00fchr: \u20ac 25,- \/ \u20ac 15,- f\u00fcr Studierende; bei Buchung aller 4 Transzendenz-Abende im Voraus: \u20ac 75,- \/ 45,- f\u00fcr Studierende<\/p>\n","protected":false},"excerpt":{"rendered":"<p>Allgemein 25. Sep. 2019 19:30 &#8211;\u00a022:00 Veranstaltungstyp Vortrag Anmeldung Anmeldung erforderlich ja Anmelden per Mail Inhalte Der erste Abend vom ersten Abendzyklus wendet sich nach einer Einf\u00fchrung in die Thematik \u201eTranszendenz\u201c dem Wesen und der Praxis von Visionen zu. Sind doch Visionen ein Ergebnis jener Bestrebungen, unserem Leben einen \u00fcbergeordneten, dem Alltag enthobenen, das ganze [&hellip;]<\/p>\n","protected":false},"author":1,"featured_media":390,"comment_status":"open","ping_status":"open","sticky":false,"template":"","format":"standard","meta":{"site-sidebar-layout":"default","site-content-layout":"default","ast-site-content-layout":"default","site-content-style":"default","site-sidebar-style":"default","ast-global-header-display":"","ast-banner-title-visibility":"","ast-main-header-display":"","ast-hfb-above-header-display":"","ast-hfb-below-header-display":"","ast-hfb-mobile-header-display":"","site-post-title":"","ast-breadcrumbs-content":"","ast-featured-img":"","footer-sml-layout":"","ast-disable-related-posts":"","theme-transparent-header-meta":"default","adv-header-id-meta":"","stick-header-meta":"","header-above-stick-meta":"","header-main-stick-meta":"","header-below-stick-meta":"","astra-migrate-meta-layouts":"default","ast-page-background-enabled":"default","ast-page-background-meta":{"desktop":{"background-color":"","background-image":"","background-repeat":"repeat","background-position":"center center","background-size":"auto","background-attachment":"scroll","background-type":"","background-media":"","overlay-type":"","overlay-color":"","overlay-opacity":"","overlay-gradient":""},"tablet":{"background-color":"","background-image":"","background-repeat":"repeat","background-position":"center center","background-size":"auto","background-attachment":"scroll","background-type":"","background-media":"","overlay-type":"","overlay-color":"","overlay-opacity":"","overlay-gradient":""},"mobile":{"background-color":"","background-image":"","background-repeat":"repeat","background-position":"center center","background-size":"auto","background-attachment":"scroll","background-type":"","background-media":"","overlay-type":"","overlay-color":"","overlay-opacity":"","overlay-gradient":""}},"ast-content-background-meta":{"desktop":{"background-color":"var(--ast-global-color-5)","background-image":"","background-repeat":"repeat","background-position":"center center","background-size":"auto","background-attachment":"scroll","background-type":"","background-media":"","overlay-type":"","overlay-color":"","overlay-opacity":"","overlay-gradient":""},"tablet":{"background-color":"var(--ast-global-color-5)","background-image":"","background-repeat":"repeat","background-position":"center center","background-size":"auto","background-attachment":"scroll","background-type":"","background-media":"","overlay-type":"","overlay-color":"","overlay-opacity":"","overlay-gradient":""},"mobile":{"background-color":"var(--ast-global-color-5)","background-image":"","background-repeat":"repeat","background-position":"center center","background-size":"auto","background-attachment":"scroll","background-type":"","background-media":"","overlay-type":"","overlay-color":"","overlay-opacity":"","overlay-gradient":""}},"footnotes":""},"categories":[6],"tags":[],"class_list":["post-389","post","type-post","status-publish","format-standard","has-post-thumbnail","hentry","category-event"],"yoast_head":"<!-- This site is optimized with the Yoast SEO plugin v27.5 - https:\/\/yoast.com\/product\/yoast-seo-wordpress\/ -->\n<title>Vision und Transzendenz - September 2019 - Wiener Schule f\u00fcr Bewusstsein<\/title>\n<meta name=\"robots\" content=\"index, follow, max-snippet:-1, max-image-preview:large, max-video-preview:-1\" \/>\n<link rel=\"canonical\" href=\"https:\/\/www.schule-bewusstsein.com\/Wordpress\/vision-und-transzendenz\/\" \/>\n<meta property=\"og:locale\" content=\"de_DE\" \/>\n<meta property=\"og:type\" content=\"article\" \/>\n<meta property=\"og:title\" content=\"Vision und Transzendenz - September 2019 - Wiener Schule f\u00fcr Bewusstsein\" \/>\n<meta property=\"og:description\" content=\"Allgemein 25. Sep. 2019 19:30 &#8211;\u00a022:00 Veranstaltungstyp Vortrag Anmeldung Anmeldung erforderlich ja Anmelden per Mail Inhalte Der erste Abend vom ersten Abendzyklus wendet sich nach einer Einf\u00fchrung in die Thematik \u201eTranszendenz\u201c dem Wesen und der Praxis von Visionen zu. Sind doch Visionen ein Ergebnis jener Bestrebungen, unserem Leben einen \u00fcbergeordneten, dem Alltag enthobenen, das ganze [&hellip;]\" \/>\n<meta property=\"og:url\" content=\"https:\/\/www.schule-bewusstsein.com\/Wordpress\/vision-und-transzendenz\/\" \/>\n<meta property=\"og:site_name\" content=\"Wiener Schule f\u00fcr Bewusstsein\" \/>\n<meta property=\"article:published_time\" content=\"2021-05-07T17:10:24+00:00\" \/>\n<meta property=\"article:modified_time\" content=\"2021-12-22T12:56:10+00:00\" \/>\n<meta property=\"og:image\" content=\"https:\/\/mlrihigbn6vo.i.optimole.com\/w:auto\/h:auto\/q:mauto\/f:best\/ig:avif\/https:\/\/www.schule-bewusstsein.com\/Wordpress\/wp-content\/uploads\/2021\/05\/landscape-1158269_1920.jpg\" \/>\n\t<meta property=\"og:image:width\" content=\"1920\" \/>\n\t<meta property=\"og:image:height\" content=\"726\" \/>\n\t<meta property=\"og:image:type\" content=\"image\/jpeg\" \/>\n<meta name=\"author\" content=\"wordpressadmin\" \/>\n<meta name=\"twitter:card\" content=\"summary_large_image\" \/>\n<meta name=\"twitter:label1\" content=\"Verfasst von\" \/>\n\t<meta name=\"twitter:data1\" content=\"wordpressadmin\" \/>\n\t<meta name=\"twitter:label2\" content=\"Gesch\u00e4tzte Lesezeit\" \/>\n\t<meta name=\"twitter:data2\" content=\"1\u00a0Minute\" \/>\n<script type=\"application\/ld+json\" class=\"yoast-schema-graph\">{\"@context\":\"https:\\\/\\\/schema.org\",\"@graph\":[{\"@type\":\"Article\",\"@id\":\"https:\\\/\\\/www.schule-bewusstsein.com\\\/Wordpress\\\/vision-und-transzendenz\\\/#article\",\"isPartOf\":{\"@id\":\"https:\\\/\\\/www.schule-bewusstsein.com\\\/Wordpress\\\/vision-und-transzendenz\\\/\"},\"author\":{\"name\":\"wordpressadmin\",\"@id\":\"https:\\\/\\\/www.schule-bewusstsein.com\\\/Wordpress\\\/#\\\/schema\\\/person\\\/a1cd9df61da100ee6afb917a9c9aedb5\"},\"headline\":\"Vision und Transzendenz &#8211; September 2019\",\"datePublished\":\"2021-05-07T17:10:24+00:00\",\"dateModified\":\"2021-12-22T12:56:10+00:00\",\"mainEntityOfPage\":{\"@id\":\"https:\\\/\\\/www.schule-bewusstsein.com\\\/Wordpress\\\/vision-und-transzendenz\\\/\"},\"wordCount\":175,\"commentCount\":0,\"publisher\":{\"@id\":\"https:\\\/\\\/www.schule-bewusstsein.com\\\/Wordpress\\\/#organization\"},\"image\":{\"@id\":\"https:\\\/\\\/www.schule-bewusstsein.com\\\/Wordpress\\\/vision-und-transzendenz\\\/#primaryimage\"},\"thumbnailUrl\":\"https:\\/\\/www.schule-bewusstsein.com\\/Wordpress\\/wp-content\\/uploads\\/2021\\/05\\/landscape-1158269_1920.jpg\",\"articleSection\":[\"Veranstaltung\"],\"inLanguage\":\"de\",\"potentialAction\":[{\"@type\":\"CommentAction\",\"name\":\"Comment\",\"target\":[\"https:\\\/\\\/www.schule-bewusstsein.com\\\/Wordpress\\\/vision-und-transzendenz\\\/#respond\"]}]},{\"@type\":\"WebPage\",\"@id\":\"https:\\\/\\\/www.schule-bewusstsein.com\\\/Wordpress\\\/vision-und-transzendenz\\\/\",\"url\":\"https:\\\/\\\/www.schule-bewusstsein.com\\\/Wordpress\\\/vision-und-transzendenz\\\/\",\"name\":\"Vision und Transzendenz - September 2019 - Wiener Schule f\u00fcr Bewusstsein\",\"isPartOf\":{\"@id\":\"https:\\\/\\\/www.schule-bewusstsein.com\\\/Wordpress\\\/#website\"},\"primaryImageOfPage\":{\"@id\":\"https:\\\/\\\/www.schule-bewusstsein.com\\\/Wordpress\\\/vision-und-transzendenz\\\/#primaryimage\"},\"image\":{\"@id\":\"https:\\\/\\\/www.schule-bewusstsein.com\\\/Wordpress\\\/vision-und-transzendenz\\\/#primaryimage\"},\"thumbnailUrl\":\"https:\\/\\/www.schule-bewusstsein.com\\/Wordpress\\/wp-content\\/uploads\\/2021\\/05\\/landscape-1158269_1920.jpg\",\"datePublished\":\"2021-05-07T17:10:24+00:00\",\"dateModified\":\"2021-12-22T12:56:10+00:00\",\"breadcrumb\":{\"@id\":\"https:\\\/\\\/www.schule-bewusstsein.com\\\/Wordpress\\\/vision-und-transzendenz\\\/#breadcrumb\"},\"inLanguage\":\"de\",\"potentialAction\":[{\"@type\":\"ReadAction\",\"target\":[\"https:\\\/\\\/www.schule-bewusstsein.com\\\/Wordpress\\\/vision-und-transzendenz\\\/\"]}]},{\"@type\":\"ImageObject\",\"inLanguage\":\"de\",\"@id\":\"https:\\\/\\\/www.schule-bewusstsein.com\\\/Wordpress\\\/vision-und-transzendenz\\\/#primaryimage\",\"url\":\"https:\\/\\/www.schule-bewusstsein.com\\/Wordpress\\/wp-content\\/uploads\\/2021\\/05\\/landscape-1158269_1920.jpg\",\"contentUrl\":\"https:\\/\\/www.schule-bewusstsein.com\\/Wordpress\\/wp-content\\/uploads\\/2021\\/05\\/landscape-1158269_1920.jpg\",\"width\":1920,\"height\":726},{\"@type\":\"BreadcrumbList\",\"@id\":\"https:\\\/\\\/www.schule-bewusstsein.com\\\/Wordpress\\\/vision-und-transzendenz\\\/#breadcrumb\",\"itemListElement\":[{\"@type\":\"ListItem\",\"position\":1,\"name\":\"Startseite\",\"item\":\"https:\\\/\\\/www.schule-bewusstsein.com\\\/Wordpress\\\/\"},{\"@type\":\"ListItem\",\"position\":2,\"name\":\"Vision und Transzendenz &#8211; September 2019\"}]},{\"@type\":\"WebSite\",\"@id\":\"https:\\\/\\\/www.schule-bewusstsein.com\\\/Wordpress\\\/#website\",\"url\":\"https:\\\/\\\/www.schule-bewusstsein.com\\\/Wordpress\\\/\",\"name\":\"Wiener Schule f\u00fcr Bewusstsein\",\"description\":\"\",\"publisher\":{\"@id\":\"https:\\\/\\\/www.schule-bewusstsein.com\\\/Wordpress\\\/#organization\"},\"potentialAction\":[{\"@type\":\"SearchAction\",\"target\":{\"@type\":\"EntryPoint\",\"urlTemplate\":\"https:\\\/\\\/www.schule-bewusstsein.com\\\/Wordpress\\\/?s={search_term_string}\"},\"query-input\":{\"@type\":\"PropertyValueSpecification\",\"valueRequired\":true,\"valueName\":\"search_term_string\"}}],\"inLanguage\":\"de\"},{\"@type\":\"Organization\",\"@id\":\"https:\\\/\\\/www.schule-bewusstsein.com\\\/Wordpress\\\/#organization\",\"name\":\"Wiener Schule f\u00fcr Bewusstsein\",\"url\":\"https:\\\/\\\/www.schule-bewusstsein.com\\\/Wordpress\\\/\",\"logo\":{\"@type\":\"ImageObject\",\"inLanguage\":\"de\",\"@id\":\"https:\\\/\\\/www.schule-bewusstsein.com\\\/Wordpress\\\/#\\\/schema\\\/logo\\\/image\\\/\",\"url\":\"https:\\/\\/www.schule-bewusstsein.com\\/Wordpress\\/wp-content\\/uploads\\/2022\\/02\\/LOGO-Schule-bunt-e1644674888998.png\",\"contentUrl\":\"https:\\/\\/www.schule-bewusstsein.com\\/Wordpress\\/wp-content\\/uploads\\/2022\\/02\\/LOGO-Schule-bunt-e1644674888998.png\",\"width\":500,\"height\":500,\"caption\":\"Wiener Schule f\u00fcr Bewusstsein\"},\"image\":{\"@id\":\"https:\\\/\\\/www.schule-bewusstsein.com\\\/Wordpress\\\/#\\\/schema\\\/logo\\\/image\\\/\"}},{\"@type\":\"Person\",\"@id\":\"https:\\\/\\\/www.schule-bewusstsein.com\\\/Wordpress\\\/#\\\/schema\\\/person\\\/a1cd9df61da100ee6afb917a9c9aedb5\",\"name\":\"wordpressadmin\",\"image\":{\"@type\":\"ImageObject\",\"inLanguage\":\"de\",\"@id\":\"https:\\\/\\\/secure.gravatar.com\\\/avatar\\\/364e1b06778741f8f809346e058b6cbce4ac9d3ec6b22bbe760108adf0892217?s=96&d=mm&r=g\",\"url\":\"https:\\\/\\\/secure.gravatar.com\\\/avatar\\\/364e1b06778741f8f809346e058b6cbce4ac9d3ec6b22bbe760108adf0892217?s=96&d=mm&r=g\",\"contentUrl\":\"https:\\\/\\\/secure.gravatar.com\\\/avatar\\\/364e1b06778741f8f809346e058b6cbce4ac9d3ec6b22bbe760108adf0892217?s=96&d=mm&r=g\",\"caption\":\"wordpressadmin\"},\"url\":\"https:\\\/\\\/www.schule-bewusstsein.com\\\/Wordpress\\\/author\\\/wordpressadmin\\\/\"}]}<\/script>\n<!-- \/ Yoast SEO plugin. -->","yoast_head_json":{"title":"Vision und Transzendenz - September 2019 - Wiener Schule f\u00fcr Bewusstsein","robots":{"index":"index","follow":"follow","max-snippet":"max-snippet:-1","max-image-preview":"max-image-preview:large","max-video-preview":"max-video-preview:-1"},"canonical":"https:\/\/www.schule-bewusstsein.com\/Wordpress\/vision-und-transzendenz\/","og_locale":"de_DE","og_type":"article","og_title":"Vision und Transzendenz - September 2019 - Wiener Schule f\u00fcr Bewusstsein","og_description":"Allgemein 25. Sep. 2019 19:30 &#8211;\u00a022:00 Veranstaltungstyp Vortrag Anmeldung Anmeldung erforderlich ja Anmelden per Mail Inhalte Der erste Abend vom ersten Abendzyklus wendet sich nach einer Einf\u00fchrung in die Thematik \u201eTranszendenz\u201c dem Wesen und der Praxis von Visionen zu. Sind doch Visionen ein Ergebnis jener Bestrebungen, unserem Leben einen \u00fcbergeordneten, dem Alltag enthobenen, das ganze [&hellip;]","og_url":"https:\/\/www.schule-bewusstsein.com\/Wordpress\/vision-und-transzendenz\/","og_site_name":"Wiener Schule f\u00fcr Bewusstsein","article_published_time":"2021-05-07T17:10:24+00:00","article_modified_time":"2021-12-22T12:56:10+00:00","og_image":[{"width":1920,"height":726,"url":"https:\/\/mlrihigbn6vo.i.optimole.com\/w:auto\/h:auto\/q:mauto\/f:best\/ig:avif\/https:\/\/www.schule-bewusstsein.com\/Wordpress\/wp-content\/uploads\/2021\/05\/landscape-1158269_1920.jpg","type":"image\/jpeg"}],"author":"wordpressadmin","twitter_card":"summary_large_image","twitter_misc":{"Verfasst von":"wordpressadmin","Gesch\u00e4tzte Lesezeit":"1\u00a0Minute"},"schema":{"@context":"https:\/\/schema.org","@graph":[{"@type":"Article","@id":"https:\/\/www.schule-bewusstsein.com\/Wordpress\/vision-und-transzendenz\/#article","isPartOf":{"@id":"https:\/\/www.schule-bewusstsein.com\/Wordpress\/vision-und-transzendenz\/"},"author":{"name":"wordpressadmin","@id":"https:\/\/www.schule-bewusstsein.com\/Wordpress\/#\/schema\/person\/a1cd9df61da100ee6afb917a9c9aedb5"},"headline":"Vision und Transzendenz &#8211; September 2019","datePublished":"2021-05-07T17:10:24+00:00","dateModified":"2021-12-22T12:56:10+00:00","mainEntityOfPage":{"@id":"https:\/\/www.schule-bewusstsein.com\/Wordpress\/vision-und-transzendenz\/"},"wordCount":175,"commentCount":0,"publisher":{"@id":"https:\/\/www.schule-bewusstsein.com\/Wordpress\/#organization"},"image":{"@id":"https:\/\/www.schule-bewusstsein.com\/Wordpress\/vision-und-transzendenz\/#primaryimage"},"thumbnailUrl":"https:\/\/mlrihigbn6vo.i.optimole.com\/w:auto\/h:auto\/q:mauto\/f:best\/ig:avif\/https:\/\/www.schule-bewusstsein.com\/Wordpress\/wp-content\/uploads\/2021\/05\/landscape-1158269_1920.jpg","articleSection":["Veranstaltung"],"inLanguage":"de","potentialAction":[{"@type":"CommentAction","name":"Comment","target":["https:\/\/www.schule-bewusstsein.com\/Wordpress\/vision-und-transzendenz\/#respond"]}]},{"@type":"WebPage","@id":"https:\/\/www.schule-bewusstsein.com\/Wordpress\/vision-und-transzendenz\/","url":"https:\/\/www.schule-bewusstsein.com\/Wordpress\/vision-und-transzendenz\/","name":"Vision und Transzendenz - September 2019 - Wiener Schule f\u00fcr Bewusstsein","isPartOf":{"@id":"https:\/\/www.schule-bewusstsein.com\/Wordpress\/#website"},"primaryImageOfPage":{"@id":"https:\/\/www.schule-bewusstsein.com\/Wordpress\/vision-und-transzendenz\/#primaryimage"},"image":{"@id":"https:\/\/www.schule-bewusstsein.com\/Wordpress\/vision-und-transzendenz\/#primaryimage"},"thumbnailUrl":"https:\/\/mlrihigbn6vo.i.optimole.com\/w:auto\/h:auto\/q:mauto\/f:best\/ig:avif\/https:\/\/www.schule-bewusstsein.com\/Wordpress\/wp-content\/uploads\/2021\/05\/landscape-1158269_1920.jpg","datePublished":"2021-05-07T17:10:24+00:00","dateModified":"2021-12-22T12:56:10+00:00","breadcrumb":{"@id":"https:\/\/www.schule-bewusstsein.com\/Wordpress\/vision-und-transzendenz\/#breadcrumb"},"inLanguage":"de","potentialAction":[{"@type":"ReadAction","target":["https:\/\/www.schule-bewusstsein.com\/Wordpress\/vision-und-transzendenz\/"]}]},{"@type":"ImageObject","inLanguage":"de","@id":"https:\/\/www.schule-bewusstsein.com\/Wordpress\/vision-und-transzendenz\/#primaryimage","url":"https:\/\/mlrihigbn6vo.i.optimole.com\/w:auto\/h:auto\/q:mauto\/f:best\/ig:avif\/https:\/\/www.schule-bewusstsein.com\/Wordpress\/wp-content\/uploads\/2021\/05\/landscape-1158269_1920.jpg","contentUrl":"https:\/\/mlrihigbn6vo.i.optimole.com\/w:auto\/h:auto\/q:mauto\/f:best\/ig:avif\/https:\/\/www.schule-bewusstsein.com\/Wordpress\/wp-content\/uploads\/2021\/05\/landscape-1158269_1920.jpg","width":1920,"height":726},{"@type":"BreadcrumbList","@id":"https:\/\/www.schule-bewusstsein.com\/Wordpress\/vision-und-transzendenz\/#breadcrumb","itemListElement":[{"@type":"ListItem","position":1,"name":"Startseite","item":"https:\/\/www.schule-bewusstsein.com\/Wordpress\/"},{"@type":"ListItem","position":2,"name":"Vision und Transzendenz &#8211; September 2019"}]},{"@type":"WebSite","@id":"https:\/\/www.schule-bewusstsein.com\/Wordpress\/#website","url":"https:\/\/www.schule-bewusstsein.com\/Wordpress\/","name":"Wiener Schule f\u00fcr Bewusstsein","description":"","publisher":{"@id":"https:\/\/www.schule-bewusstsein.com\/Wordpress\/#organization"},"potentialAction":[{"@type":"SearchAction","target":{"@type":"EntryPoint","urlTemplate":"https:\/\/www.schule-bewusstsein.com\/Wordpress\/?s={search_term_string}"},"query-input":{"@type":"PropertyValueSpecification","valueRequired":true,"valueName":"search_term_string"}}],"inLanguage":"de"},{"@type":"Organization","@id":"https:\/\/www.schule-bewusstsein.com\/Wordpress\/#organization","name":"Wiener Schule f\u00fcr Bewusstsein","url":"https:\/\/www.schule-bewusstsein.com\/Wordpress\/","logo":{"@type":"ImageObject","inLanguage":"de","@id":"https:\/\/www.schule-bewusstsein.com\/Wordpress\/#\/schema\/logo\/image\/","url":"https:\/\/mlrihigbn6vo.i.optimole.com\/w:auto\/h:auto\/q:mauto\/f:best\/ig:avif\/https:\/\/www.schule-bewusstsein.com\/Wordpress\/wp-content\/uploads\/2022\/02\/LOGO-Schule-bunt-e1644674888998.png","contentUrl":"https:\/\/mlrihigbn6vo.i.optimole.com\/w:auto\/h:auto\/q:mauto\/f:best\/ig:avif\/https:\/\/www.schule-bewusstsein.com\/Wordpress\/wp-content\/uploads\/2022\/02\/LOGO-Schule-bunt-e1644674888998.png","width":500,"height":500,"caption":"Wiener Schule f\u00fcr Bewusstsein"},"image":{"@id":"https:\/\/www.schule-bewusstsein.com\/Wordpress\/#\/schema\/logo\/image\/"}},{"@type":"Person","@id":"https:\/\/www.schule-bewusstsein.com\/Wordpress\/#\/schema\/person\/a1cd9df61da100ee6afb917a9c9aedb5","name":"wordpressadmin","image":{"@type":"ImageObject","inLanguage":"de","@id":"https:\/\/secure.gravatar.com\/avatar\/364e1b06778741f8f809346e058b6cbce4ac9d3ec6b22bbe760108adf0892217?s=96&d=mm&r=g","url":"https:\/\/secure.gravatar.com\/avatar\/364e1b06778741f8f809346e058b6cbce4ac9d3ec6b22bbe760108adf0892217?s=96&d=mm&r=g","contentUrl":"https:\/\/secure.gravatar.com\/avatar\/364e1b06778741f8f809346e058b6cbce4ac9d3ec6b22bbe760108adf0892217?s=96&d=mm&r=g","caption":"wordpressadmin"},"url":"https:\/\/www.schule-bewusstsein.com\/Wordpress\/author\/wordpressadmin\/"}]}},"_links":{"self":[{"href":"https:\/\/www.schule-bewusstsein.com\/Wordpress\/wp-json\/wp\/v2\/posts\/389","targetHints":{"allow":["GET"]}}],"collection":[{"href":"https:\/\/www.schule-bewusstsein.com\/Wordpress\/wp-json\/wp\/v2\/posts"}],"about":[{"href":"https:\/\/www.schule-bewusstsein.com\/Wordpress\/wp-json\/wp\/v2\/types\/post"}],"author":[{"embeddable":true,"href":"https:\/\/www.schule-bewusstsein.com\/Wordpress\/wp-json\/wp\/v2\/users\/1"}],"replies":[{"embeddable":true,"href":"https:\/\/www.schule-bewusstsein.com\/Wordpress\/wp-json\/wp\/v2\/comments?post=389"}],"version-history":[{"count":1,"href":"https:\/\/www.schule-bewusstsein.com\/Wordpress\/wp-json\/wp\/v2\/posts\/389\/revisions"}],"predecessor-version":[{"id":676,"href":"https:\/\/www.schule-bewusstsein.com\/Wordpress\/wp-json\/wp\/v2\/posts\/389\/revisions\/676"}],"wp:featuredmedia":[{"embeddable":true,"href":"https:\/\/www.schule-bewusstsein.com\/Wordpress\/wp-json\/wp\/v2\/media\/390"}],"wp:attachment":[{"href":"https:\/\/www.schule-bewusstsein.com\/Wordpress\/wp-json\/wp\/v2\/media?parent=389"}],"wp:term":[{"taxonomy":"category","embeddable":true,"href":"https:\/\/www.schule-bewusstsein.com\/Wordpress\/wp-json\/wp\/v2\/categories?post=389"},{"taxonomy":"post_tag","embeddable":true,"href":"https:\/\/www.schule-bewusstsein.com\/Wordpress\/wp-json\/wp\/v2\/tags?post=389"}],"curies":[{"name":"wp","href":"https:\/\/api.w.org\/{rel}","templated":true}]}}