{"id":400,"date":"2021-05-07T19:16:34","date_gmt":"2021-05-07T17:16:34","guid":{"rendered":"https:\/\/www.schule-bewusstsein.com\/Wordpress\/?p=400"},"modified":"2021-12-22T13:54:41","modified_gmt":"2021-12-22T12:54:41","slug":"transzendenz-und-der-krieger-transzendenz-abend-4","status":"publish","type":"post","link":"https:\/\/www.schule-bewusstsein.com\/Wordpress\/transzendenz-und-der-krieger-transzendenz-abend-4\/","title":{"rendered":"Transzendenz und der Krieger (Transzendenz-Abend 4) &#8211; Oktober 2019"},"content":{"rendered":"<h1>Allgemein<\/h1>\n<p>16. Okt. 2019<\/p>\n<p>19:30 &#8211;\u00a022:00<\/p>\n<h2><strong>Veranstaltungstyp<\/strong><\/h2>\n<p>Vortrag<\/p>\n<h2>Anmeldung<\/h2>\n<p><strong>Anmeldung erforderlich<br \/>\n<\/strong>ja<\/p>\n<p><a href=\"https:\/\/www.schule-bewusstsein.com\/Wordpress\/kontakt\/\">Anmelden per Mail<\/a><\/p>\n<h2>Inhalte<\/h2>\n<p>Selbst bei aller Leichtigkeit und Fl\u00fcssigkeit im Umgang mit Transzendenz: Jede auch nur kleine Begegnung mit dieser existenziellen Dimension tr\u00e4gt das Potenzial in sich, unser Leben vollst\u00e4ndig auf den Kopf zu stellen: nichts bleibt wie es jemals war.<\/p>\n<p>Tats\u00e4chlicherweise gibt es in nahezu allen Kulturen der Welt Pakete an Wissen, Praktiken und Lebensweisen, welche f\u00fcr Begegnungen mit Transzendenz hervorragend geeignet und ausgestattet sind: die Kriegerwege. Ob der Weg der Samurai, der Massai-Krieger, der Berserker, der buddhistische Shan-M\u00f6nche oder der indianisch-schamanischen Krieger &#8211; in allen F\u00e4llen handelt es sich um \u00fcber Jahrhunderte und Jahrtausende erprobte Formen und Wege, kleiner und gro\u00dfer Transzendenz-Begegnungen durchleben zu k\u00f6nnen.<\/p>\n<p>Der letzte Abend des Zyklus gibt eine Gesamtschau auf diese Kriegerwege, zeigt deren Wesenskerne und best\u00e4rkt uns in der Gewissheit: Transzendenz ist der Kontext, die Einbindung, der \u201eRand\u201c unseres Lebens. Und ja, es gibt tats\u00e4chlich wirkungsvolle Weisen, mit der tats\u00e4chlichen und st\u00e4ndigen Gegebenheit von Transzendenz so umzugehen, dass wir am Ende unseres Lebens sagen k\u00f6nnen: Ja, es war ein gutes Leben. Und: Ich bekenne, ich habe gelebt.<\/p>\n<p>Der praktische Teil dieses Abends ist eine \u00dcbung zur tiefen Gelassenheit in flirrender Dynamik, einmal als Einzel- und einmal als Paar\u00fcbung.<\/p>\n<p>Teilnahmegeb\u00fchr: \u20ac 25,- \/ \u20ac 15,- f\u00fcr Studierende; bei Buchung aller 4 Transzendenz-Abende im Voraus: \u20ac 75,- \/ 45,- f\u00fcr Studierende<\/p>\n","protected":false},"excerpt":{"rendered":"<p>Allgemein 16. Okt. 2019 19:30 &#8211;\u00a022:00 Veranstaltungstyp Vortrag Anmeldung Anmeldung erforderlich ja Anmelden per Mail Inhalte Selbst bei aller Leichtigkeit und Fl\u00fcssigkeit im Umgang mit Transzendenz: Jede auch nur kleine Begegnung mit dieser existenziellen Dimension tr\u00e4gt das Potenzial in sich, unser Leben vollst\u00e4ndig auf den Kopf zu stellen: nichts bleibt wie es jemals war. Tats\u00e4chlicherweise [&hellip;]<\/p>\n","protected":false},"author":1,"featured_media":401,"comment_status":"open","ping_status":"open","sticky":false,"template":"","format":"standard","meta":{"site-sidebar-layout":"default","site-content-layout":"default","ast-site-content-layout":"default","site-content-style":"default","site-sidebar-style":"default","ast-global-header-display":"","ast-banner-title-visibility":"","ast-main-header-display":"","ast-hfb-above-header-display":"","ast-hfb-below-header-display":"","ast-hfb-mobile-header-display":"","site-post-title":"","ast-breadcrumbs-content":"","ast-featured-img":"","footer-sml-layout":"","ast-disable-related-posts":"","theme-transparent-header-meta":"default","adv-header-id-meta":"","stick-header-meta":"","header-above-stick-meta":"","header-main-stick-meta":"","header-below-stick-meta":"","astra-migrate-meta-layouts":"default","ast-page-background-enabled":"default","ast-page-background-meta":{"desktop":{"background-color":"","background-image":"","background-repeat":"repeat","background-position":"center center","background-size":"auto","background-attachment":"scroll","background-type":"","background-media":"","overlay-type":"","overlay-color":"","overlay-opacity":"","overlay-gradient":""},"tablet":{"background-color":"","background-image":"","background-repeat":"repeat","background-position":"center center","background-size":"auto","background-attachment":"scroll","background-type":"","background-media":"","overlay-type":"","overlay-color":"","overlay-opacity":"","overlay-gradient":""},"mobile":{"background-color":"","background-image":"","background-repeat":"repeat","background-position":"center center","background-size":"auto","background-attachment":"scroll","background-type":"","background-media":"","overlay-type":"","overlay-color":"","overlay-opacity":"","overlay-gradient":""}},"ast-content-background-meta":{"desktop":{"background-color":"var(--ast-global-color-5)","background-image":"","background-repeat":"repeat","background-position":"center center","background-size":"auto","background-attachment":"scroll","background-type":"","background-media":"","overlay-type":"","overlay-color":"","overlay-opacity":"","overlay-gradient":""},"tablet":{"background-color":"var(--ast-global-color-5)","background-image":"","background-repeat":"repeat","background-position":"center center","background-size":"auto","background-attachment":"scroll","background-type":"","background-media":"","overlay-type":"","overlay-color":"","overlay-opacity":"","overlay-gradient":""},"mobile":{"background-color":"var(--ast-global-color-5)","background-image":"","background-repeat":"repeat","background-position":"center center","background-size":"auto","background-attachment":"scroll","background-type":"","background-media":"","overlay-type":"","overlay-color":"","overlay-opacity":"","overlay-gradient":""}},"footnotes":""},"categories":[6],"tags":[],"class_list":["post-400","post","type-post","status-publish","format-standard","has-post-thumbnail","hentry","category-event"],"yoast_head":"<!-- This site is optimized with the Yoast SEO plugin v27.5 - https:\/\/yoast.com\/product\/yoast-seo-wordpress\/ -->\n<title>Transzendenz und der Krieger (Transzendenz-Abend 4) - Oktober 2019 - Wiener Schule f\u00fcr Bewusstsein<\/title>\n<meta name=\"robots\" content=\"index, follow, max-snippet:-1, max-image-preview:large, max-video-preview:-1\" \/>\n<link rel=\"canonical\" href=\"https:\/\/www.schule-bewusstsein.com\/Wordpress\/transzendenz-und-der-krieger-transzendenz-abend-4\/\" \/>\n<meta property=\"og:locale\" content=\"de_DE\" \/>\n<meta property=\"og:type\" content=\"article\" \/>\n<meta property=\"og:title\" content=\"Transzendenz und der Krieger (Transzendenz-Abend 4) - Oktober 2019 - Wiener Schule f\u00fcr Bewusstsein\" \/>\n<meta property=\"og:description\" content=\"Allgemein 16. Okt. 2019 19:30 &#8211;\u00a022:00 Veranstaltungstyp Vortrag Anmeldung Anmeldung erforderlich ja Anmelden per Mail Inhalte Selbst bei aller Leichtigkeit und Fl\u00fcssigkeit im Umgang mit Transzendenz: Jede auch nur kleine Begegnung mit dieser existenziellen Dimension tr\u00e4gt das Potenzial in sich, unser Leben vollst\u00e4ndig auf den Kopf zu stellen: nichts bleibt wie es jemals war. Tats\u00e4chlicherweise [&hellip;]\" \/>\n<meta property=\"og:url\" content=\"https:\/\/www.schule-bewusstsein.com\/Wordpress\/transzendenz-und-der-krieger-transzendenz-abend-4\/\" \/>\n<meta property=\"og:site_name\" content=\"Wiener Schule f\u00fcr Bewusstsein\" \/>\n<meta property=\"article:published_time\" content=\"2021-05-07T17:16:34+00:00\" \/>\n<meta property=\"article:modified_time\" content=\"2021-12-22T12:54:41+00:00\" \/>\n<meta property=\"og:image\" content=\"https:\/\/mlrihigbn6vo.i.optimole.com\/w:auto\/h:auto\/q:mauto\/f:best\/ig:avif\/https:\/\/www.schule-bewusstsein.com\/Wordpress\/wp-content\/uploads\/2021\/05\/Warroio2r.jpg\" \/>\n\t<meta property=\"og:image:width\" content=\"1920\" \/>\n\t<meta property=\"og:image:height\" content=\"1080\" \/>\n\t<meta property=\"og:image:type\" content=\"image\/jpeg\" \/>\n<meta name=\"author\" content=\"wordpressadmin\" \/>\n<meta name=\"twitter:card\" content=\"summary_large_image\" \/>\n<meta name=\"twitter:label1\" content=\"Verfasst von\" \/>\n\t<meta name=\"twitter:data1\" content=\"wordpressadmin\" \/>\n\t<meta name=\"twitter:label2\" content=\"Gesch\u00e4tzte Lesezeit\" \/>\n\t<meta name=\"twitter:data2\" content=\"1\u00a0Minute\" \/>\n<script type=\"application\/ld+json\" class=\"yoast-schema-graph\">{\"@context\":\"https:\\\/\\\/schema.org\",\"@graph\":[{\"@type\":\"Article\",\"@id\":\"https:\\\/\\\/www.schule-bewusstsein.com\\\/Wordpress\\\/transzendenz-und-der-krieger-transzendenz-abend-4\\\/#article\",\"isPartOf\":{\"@id\":\"https:\\\/\\\/www.schule-bewusstsein.com\\\/Wordpress\\\/transzendenz-und-der-krieger-transzendenz-abend-4\\\/\"},\"author\":{\"name\":\"wordpressadmin\",\"@id\":\"https:\\\/\\\/www.schule-bewusstsein.com\\\/Wordpress\\\/#\\\/schema\\\/person\\\/a1cd9df61da100ee6afb917a9c9aedb5\"},\"headline\":\"Transzendenz und der Krieger (Transzendenz-Abend 4) &#8211; Oktober 2019\",\"datePublished\":\"2021-05-07T17:16:34+00:00\",\"dateModified\":\"2021-12-22T12:54:41+00:00\",\"mainEntityOfPage\":{\"@id\":\"https:\\\/\\\/www.schule-bewusstsein.com\\\/Wordpress\\\/transzendenz-und-der-krieger-transzendenz-abend-4\\\/\"},\"wordCount\":245,\"commentCount\":0,\"publisher\":{\"@id\":\"https:\\\/\\\/www.schule-bewusstsein.com\\\/Wordpress\\\/#organization\"},\"image\":{\"@id\":\"https:\\\/\\\/www.schule-bewusstsein.com\\\/Wordpress\\\/transzendenz-und-der-krieger-transzendenz-abend-4\\\/#primaryimage\"},\"thumbnailUrl\":\"https:\\/\\/www.schule-bewusstsein.com\\/Wordpress\\/wp-content\\/uploads\\/2021\\/05\\/Warroio2r.jpg\",\"articleSection\":[\"Veranstaltung\"],\"inLanguage\":\"de\",\"potentialAction\":[{\"@type\":\"CommentAction\",\"name\":\"Comment\",\"target\":[\"https:\\\/\\\/www.schule-bewusstsein.com\\\/Wordpress\\\/transzendenz-und-der-krieger-transzendenz-abend-4\\\/#respond\"]}]},{\"@type\":\"WebPage\",\"@id\":\"https:\\\/\\\/www.schule-bewusstsein.com\\\/Wordpress\\\/transzendenz-und-der-krieger-transzendenz-abend-4\\\/\",\"url\":\"https:\\\/\\\/www.schule-bewusstsein.com\\\/Wordpress\\\/transzendenz-und-der-krieger-transzendenz-abend-4\\\/\",\"name\":\"Transzendenz und der Krieger (Transzendenz-Abend 4) - Oktober 2019 - Wiener Schule f\u00fcr Bewusstsein\",\"isPartOf\":{\"@id\":\"https:\\\/\\\/www.schule-bewusstsein.com\\\/Wordpress\\\/#website\"},\"primaryImageOfPage\":{\"@id\":\"https:\\\/\\\/www.schule-bewusstsein.com\\\/Wordpress\\\/transzendenz-und-der-krieger-transzendenz-abend-4\\\/#primaryimage\"},\"image\":{\"@id\":\"https:\\\/\\\/www.schule-bewusstsein.com\\\/Wordpress\\\/transzendenz-und-der-krieger-transzendenz-abend-4\\\/#primaryimage\"},\"thumbnailUrl\":\"https:\\/\\/www.schule-bewusstsein.com\\/Wordpress\\/wp-content\\/uploads\\/2021\\/05\\/Warroio2r.jpg\",\"datePublished\":\"2021-05-07T17:16:34+00:00\",\"dateModified\":\"2021-12-22T12:54:41+00:00\",\"breadcrumb\":{\"@id\":\"https:\\\/\\\/www.schule-bewusstsein.com\\\/Wordpress\\\/transzendenz-und-der-krieger-transzendenz-abend-4\\\/#breadcrumb\"},\"inLanguage\":\"de\",\"potentialAction\":[{\"@type\":\"ReadAction\",\"target\":[\"https:\\\/\\\/www.schule-bewusstsein.com\\\/Wordpress\\\/transzendenz-und-der-krieger-transzendenz-abend-4\\\/\"]}]},{\"@type\":\"ImageObject\",\"inLanguage\":\"de\",\"@id\":\"https:\\\/\\\/www.schule-bewusstsein.com\\\/Wordpress\\\/transzendenz-und-der-krieger-transzendenz-abend-4\\\/#primaryimage\",\"url\":\"https:\\/\\/www.schule-bewusstsein.com\\/Wordpress\\/wp-content\\/uploads\\/2021\\/05\\/Warroio2r.jpg\",\"contentUrl\":\"https:\\/\\/www.schule-bewusstsein.com\\/Wordpress\\/wp-content\\/uploads\\/2021\\/05\\/Warroio2r.jpg\",\"width\":1920,\"height\":1080},{\"@type\":\"BreadcrumbList\",\"@id\":\"https:\\\/\\\/www.schule-bewusstsein.com\\\/Wordpress\\\/transzendenz-und-der-krieger-transzendenz-abend-4\\\/#breadcrumb\",\"itemListElement\":[{\"@type\":\"ListItem\",\"position\":1,\"name\":\"Startseite\",\"item\":\"https:\\\/\\\/www.schule-bewusstsein.com\\\/Wordpress\\\/\"},{\"@type\":\"ListItem\",\"position\":2,\"name\":\"Transzendenz und der Krieger (Transzendenz-Abend 4) &#8211; Oktober 2019\"}]},{\"@type\":\"WebSite\",\"@id\":\"https:\\\/\\\/www.schule-bewusstsein.com\\\/Wordpress\\\/#website\",\"url\":\"https:\\\/\\\/www.schule-bewusstsein.com\\\/Wordpress\\\/\",\"name\":\"Wiener Schule f\u00fcr Bewusstsein\",\"description\":\"\",\"publisher\":{\"@id\":\"https:\\\/\\\/www.schule-bewusstsein.com\\\/Wordpress\\\/#organization\"},\"potentialAction\":[{\"@type\":\"SearchAction\",\"target\":{\"@type\":\"EntryPoint\",\"urlTemplate\":\"https:\\\/\\\/www.schule-bewusstsein.com\\\/Wordpress\\\/?s={search_term_string}\"},\"query-input\":{\"@type\":\"PropertyValueSpecification\",\"valueRequired\":true,\"valueName\":\"search_term_string\"}}],\"inLanguage\":\"de\"},{\"@type\":\"Organization\",\"@id\":\"https:\\\/\\\/www.schule-bewusstsein.com\\\/Wordpress\\\/#organization\",\"name\":\"Wiener Schule f\u00fcr Bewusstsein\",\"url\":\"https:\\\/\\\/www.schule-bewusstsein.com\\\/Wordpress\\\/\",\"logo\":{\"@type\":\"ImageObject\",\"inLanguage\":\"de\",\"@id\":\"https:\\\/\\\/www.schule-bewusstsein.com\\\/Wordpress\\\/#\\\/schema\\\/logo\\\/image\\\/\",\"url\":\"https:\\/\\/www.schule-bewusstsein.com\\/Wordpress\\/wp-content\\/uploads\\/2022\\/02\\/LOGO-Schule-bunt-e1644674888998.png\",\"contentUrl\":\"https:\\/\\/www.schule-bewusstsein.com\\/Wordpress\\/wp-content\\/uploads\\/2022\\/02\\/LOGO-Schule-bunt-e1644674888998.png\",\"width\":500,\"height\":500,\"caption\":\"Wiener Schule f\u00fcr Bewusstsein\"},\"image\":{\"@id\":\"https:\\\/\\\/www.schule-bewusstsein.com\\\/Wordpress\\\/#\\\/schema\\\/logo\\\/image\\\/\"}},{\"@type\":\"Person\",\"@id\":\"https:\\\/\\\/www.schule-bewusstsein.com\\\/Wordpress\\\/#\\\/schema\\\/person\\\/a1cd9df61da100ee6afb917a9c9aedb5\",\"name\":\"wordpressadmin\",\"image\":{\"@type\":\"ImageObject\",\"inLanguage\":\"de\",\"@id\":\"https:\\\/\\\/secure.gravatar.com\\\/avatar\\\/364e1b06778741f8f809346e058b6cbce4ac9d3ec6b22bbe760108adf0892217?s=96&d=mm&r=g\",\"url\":\"https:\\\/\\\/secure.gravatar.com\\\/avatar\\\/364e1b06778741f8f809346e058b6cbce4ac9d3ec6b22bbe760108adf0892217?s=96&d=mm&r=g\",\"contentUrl\":\"https:\\\/\\\/secure.gravatar.com\\\/avatar\\\/364e1b06778741f8f809346e058b6cbce4ac9d3ec6b22bbe760108adf0892217?s=96&d=mm&r=g\",\"caption\":\"wordpressadmin\"},\"url\":\"https:\\\/\\\/www.schule-bewusstsein.com\\\/Wordpress\\\/author\\\/wordpressadmin\\\/\"}]}<\/script>\n<!-- \/ Yoast SEO plugin. -->","yoast_head_json":{"title":"Transzendenz und der Krieger (Transzendenz-Abend 4) - Oktober 2019 - Wiener Schule f\u00fcr Bewusstsein","robots":{"index":"index","follow":"follow","max-snippet":"max-snippet:-1","max-image-preview":"max-image-preview:large","max-video-preview":"max-video-preview:-1"},"canonical":"https:\/\/www.schule-bewusstsein.com\/Wordpress\/transzendenz-und-der-krieger-transzendenz-abend-4\/","og_locale":"de_DE","og_type":"article","og_title":"Transzendenz und der Krieger (Transzendenz-Abend 4) - Oktober 2019 - Wiener Schule f\u00fcr Bewusstsein","og_description":"Allgemein 16. Okt. 2019 19:30 &#8211;\u00a022:00 Veranstaltungstyp Vortrag Anmeldung Anmeldung erforderlich ja Anmelden per Mail Inhalte Selbst bei aller Leichtigkeit und Fl\u00fcssigkeit im Umgang mit Transzendenz: Jede auch nur kleine Begegnung mit dieser existenziellen Dimension tr\u00e4gt das Potenzial in sich, unser Leben vollst\u00e4ndig auf den Kopf zu stellen: nichts bleibt wie es jemals war. Tats\u00e4chlicherweise [&hellip;]","og_url":"https:\/\/www.schule-bewusstsein.com\/Wordpress\/transzendenz-und-der-krieger-transzendenz-abend-4\/","og_site_name":"Wiener Schule f\u00fcr Bewusstsein","article_published_time":"2021-05-07T17:16:34+00:00","article_modified_time":"2021-12-22T12:54:41+00:00","og_image":[{"width":1920,"height":1080,"url":"https:\/\/mlrihigbn6vo.i.optimole.com\/w:auto\/h:auto\/q:mauto\/f:best\/ig:avif\/https:\/\/www.schule-bewusstsein.com\/Wordpress\/wp-content\/uploads\/2021\/05\/Warroio2r.jpg","type":"image\/jpeg"}],"author":"wordpressadmin","twitter_card":"summary_large_image","twitter_misc":{"Verfasst von":"wordpressadmin","Gesch\u00e4tzte Lesezeit":"1\u00a0Minute"},"schema":{"@context":"https:\/\/schema.org","@graph":[{"@type":"Article","@id":"https:\/\/www.schule-bewusstsein.com\/Wordpress\/transzendenz-und-der-krieger-transzendenz-abend-4\/#article","isPartOf":{"@id":"https:\/\/www.schule-bewusstsein.com\/Wordpress\/transzendenz-und-der-krieger-transzendenz-abend-4\/"},"author":{"name":"wordpressadmin","@id":"https:\/\/www.schule-bewusstsein.com\/Wordpress\/#\/schema\/person\/a1cd9df61da100ee6afb917a9c9aedb5"},"headline":"Transzendenz und der Krieger (Transzendenz-Abend 4) &#8211; Oktober 2019","datePublished":"2021-05-07T17:16:34+00:00","dateModified":"2021-12-22T12:54:41+00:00","mainEntityOfPage":{"@id":"https:\/\/www.schule-bewusstsein.com\/Wordpress\/transzendenz-und-der-krieger-transzendenz-abend-4\/"},"wordCount":245,"commentCount":0,"publisher":{"@id":"https:\/\/www.schule-bewusstsein.com\/Wordpress\/#organization"},"image":{"@id":"https:\/\/www.schule-bewusstsein.com\/Wordpress\/transzendenz-und-der-krieger-transzendenz-abend-4\/#primaryimage"},"thumbnailUrl":"https:\/\/mlrihigbn6vo.i.optimole.com\/w:auto\/h:auto\/q:mauto\/f:best\/ig:avif\/https:\/\/www.schule-bewusstsein.com\/Wordpress\/wp-content\/uploads\/2021\/05\/Warroio2r.jpg","articleSection":["Veranstaltung"],"inLanguage":"de","potentialAction":[{"@type":"CommentAction","name":"Comment","target":["https:\/\/www.schule-bewusstsein.com\/Wordpress\/transzendenz-und-der-krieger-transzendenz-abend-4\/#respond"]}]},{"@type":"WebPage","@id":"https:\/\/www.schule-bewusstsein.com\/Wordpress\/transzendenz-und-der-krieger-transzendenz-abend-4\/","url":"https:\/\/www.schule-bewusstsein.com\/Wordpress\/transzendenz-und-der-krieger-transzendenz-abend-4\/","name":"Transzendenz und der Krieger (Transzendenz-Abend 4) - Oktober 2019 - Wiener Schule f\u00fcr Bewusstsein","isPartOf":{"@id":"https:\/\/www.schule-bewusstsein.com\/Wordpress\/#website"},"primaryImageOfPage":{"@id":"https:\/\/www.schule-bewusstsein.com\/Wordpress\/transzendenz-und-der-krieger-transzendenz-abend-4\/#primaryimage"},"image":{"@id":"https:\/\/www.schule-bewusstsein.com\/Wordpress\/transzendenz-und-der-krieger-transzendenz-abend-4\/#primaryimage"},"thumbnailUrl":"https:\/\/mlrihigbn6vo.i.optimole.com\/w:auto\/h:auto\/q:mauto\/f:best\/ig:avif\/https:\/\/www.schule-bewusstsein.com\/Wordpress\/wp-content\/uploads\/2021\/05\/Warroio2r.jpg","datePublished":"2021-05-07T17:16:34+00:00","dateModified":"2021-12-22T12:54:41+00:00","breadcrumb":{"@id":"https:\/\/www.schule-bewusstsein.com\/Wordpress\/transzendenz-und-der-krieger-transzendenz-abend-4\/#breadcrumb"},"inLanguage":"de","potentialAction":[{"@type":"ReadAction","target":["https:\/\/www.schule-bewusstsein.com\/Wordpress\/transzendenz-und-der-krieger-transzendenz-abend-4\/"]}]},{"@type":"ImageObject","inLanguage":"de","@id":"https:\/\/www.schule-bewusstsein.com\/Wordpress\/transzendenz-und-der-krieger-transzendenz-abend-4\/#primaryimage","url":"https:\/\/mlrihigbn6vo.i.optimole.com\/w:auto\/h:auto\/q:mauto\/f:best\/ig:avif\/https:\/\/www.schule-bewusstsein.com\/Wordpress\/wp-content\/uploads\/2021\/05\/Warroio2r.jpg","contentUrl":"https:\/\/mlrihigbn6vo.i.optimole.com\/w:auto\/h:auto\/q:mauto\/f:best\/ig:avif\/https:\/\/www.schule-bewusstsein.com\/Wordpress\/wp-content\/uploads\/2021\/05\/Warroio2r.jpg","width":1920,"height":1080},{"@type":"BreadcrumbList","@id":"https:\/\/www.schule-bewusstsein.com\/Wordpress\/transzendenz-und-der-krieger-transzendenz-abend-4\/#breadcrumb","itemListElement":[{"@type":"ListItem","position":1,"name":"Startseite","item":"https:\/\/www.schule-bewusstsein.com\/Wordpress\/"},{"@type":"ListItem","position":2,"name":"Transzendenz und der Krieger (Transzendenz-Abend 4) &#8211; Oktober 2019"}]},{"@type":"WebSite","@id":"https:\/\/www.schule-bewusstsein.com\/Wordpress\/#website","url":"https:\/\/www.schule-bewusstsein.com\/Wordpress\/","name":"Wiener Schule f\u00fcr Bewusstsein","description":"","publisher":{"@id":"https:\/\/www.schule-bewusstsein.com\/Wordpress\/#organization"},"potentialAction":[{"@type":"SearchAction","target":{"@type":"EntryPoint","urlTemplate":"https:\/\/www.schule-bewusstsein.com\/Wordpress\/?s={search_term_string}"},"query-input":{"@type":"PropertyValueSpecification","valueRequired":true,"valueName":"search_term_string"}}],"inLanguage":"de"},{"@type":"Organization","@id":"https:\/\/www.schule-bewusstsein.com\/Wordpress\/#organization","name":"Wiener Schule f\u00fcr Bewusstsein","url":"https:\/\/www.schule-bewusstsein.com\/Wordpress\/","logo":{"@type":"ImageObject","inLanguage":"de","@id":"https:\/\/www.schule-bewusstsein.com\/Wordpress\/#\/schema\/logo\/image\/","url":"https:\/\/mlrihigbn6vo.i.optimole.com\/w:auto\/h:auto\/q:mauto\/f:best\/ig:avif\/https:\/\/www.schule-bewusstsein.com\/Wordpress\/wp-content\/uploads\/2022\/02\/LOGO-Schule-bunt-e1644674888998.png","contentUrl":"https:\/\/mlrihigbn6vo.i.optimole.com\/w:auto\/h:auto\/q:mauto\/f:best\/ig:avif\/https:\/\/www.schule-bewusstsein.com\/Wordpress\/wp-content\/uploads\/2022\/02\/LOGO-Schule-bunt-e1644674888998.png","width":500,"height":500,"caption":"Wiener Schule f\u00fcr Bewusstsein"},"image":{"@id":"https:\/\/www.schule-bewusstsein.com\/Wordpress\/#\/schema\/logo\/image\/"}},{"@type":"Person","@id":"https:\/\/www.schule-bewusstsein.com\/Wordpress\/#\/schema\/person\/a1cd9df61da100ee6afb917a9c9aedb5","name":"wordpressadmin","image":{"@type":"ImageObject","inLanguage":"de","@id":"https:\/\/secure.gravatar.com\/avatar\/364e1b06778741f8f809346e058b6cbce4ac9d3ec6b22bbe760108adf0892217?s=96&d=mm&r=g","url":"https:\/\/secure.gravatar.com\/avatar\/364e1b06778741f8f809346e058b6cbce4ac9d3ec6b22bbe760108adf0892217?s=96&d=mm&r=g","contentUrl":"https:\/\/secure.gravatar.com\/avatar\/364e1b06778741f8f809346e058b6cbce4ac9d3ec6b22bbe760108adf0892217?s=96&d=mm&r=g","caption":"wordpressadmin"},"url":"https:\/\/www.schule-bewusstsein.com\/Wordpress\/author\/wordpressadmin\/"}]}},"_links":{"self":[{"href":"https:\/\/www.schule-bewusstsein.com\/Wordpress\/wp-json\/wp\/v2\/posts\/400","targetHints":{"allow":["GET"]}}],"collection":[{"href":"https:\/\/www.schule-bewusstsein.com\/Wordpress\/wp-json\/wp\/v2\/posts"}],"about":[{"href":"https:\/\/www.schule-bewusstsein.com\/Wordpress\/wp-json\/wp\/v2\/types\/post"}],"author":[{"embeddable":true,"href":"https:\/\/www.schule-bewusstsein.com\/Wordpress\/wp-json\/wp\/v2\/users\/1"}],"replies":[{"embeddable":true,"href":"https:\/\/www.schule-bewusstsein.com\/Wordpress\/wp-json\/wp\/v2\/comments?post=400"}],"version-history":[{"count":1,"href":"https:\/\/www.schule-bewusstsein.com\/Wordpress\/wp-json\/wp\/v2\/posts\/400\/revisions"}],"predecessor-version":[{"id":673,"href":"https:\/\/www.schule-bewusstsein.com\/Wordpress\/wp-json\/wp\/v2\/posts\/400\/revisions\/673"}],"wp:featuredmedia":[{"embeddable":true,"href":"https:\/\/www.schule-bewusstsein.com\/Wordpress\/wp-json\/wp\/v2\/media\/401"}],"wp:attachment":[{"href":"https:\/\/www.schule-bewusstsein.com\/Wordpress\/wp-json\/wp\/v2\/media?parent=400"}],"wp:term":[{"taxonomy":"category","embeddable":true,"href":"https:\/\/www.schule-bewusstsein.com\/Wordpress\/wp-json\/wp\/v2\/categories?post=400"},{"taxonomy":"post_tag","embeddable":true,"href":"https:\/\/www.schule-bewusstsein.com\/Wordpress\/wp-json\/wp\/v2\/tags?post=400"}],"curies":[{"name":"wp","href":"https:\/\/api.w.org\/{rel}","templated":true}]}}