{"id":610,"date":"2021-12-16T13:05:00","date_gmt":"2021-12-16T12:05:00","guid":{"rendered":"https:\/\/www.schule-bewusstsein.com\/Wordpress\/?p=610"},"modified":"2021-12-22T14:24:41","modified_gmt":"2021-12-22T13:24:41","slug":"masken-masken-maskenjahr-2022","status":"publish","type":"post","link":"https:\/\/www.schule-bewusstsein.com\/Wordpress\/masken-masken-maskenjahr-2022\/","title":{"rendered":"Masken! Masken!  Maskenjahr 2022 &#8211; Beginn M\u00e4rz 2022"},"content":{"rendered":"<p><strong>Allgemeines<\/strong><\/p>\n<p>Die Jahresgruppe \u201eMasken!Masken!\u201c ist ein wichtiger Bestandteil der integralen Bewusstseinswege der Schule f\u00fcr Bewusstsein.<\/p>\n<p>Es steht f\u00fcr eine anspruchsvolle und komplexe ebenso wie f\u00fcr spielerische, bereichernde und bezaubernde Besch\u00e4ftigung und Arbeit mit Masken auf vielf\u00e4ltige Art und Weise. Die verschiedenen Zug\u00e4nge und Arbeitsmethoden sind in den drei Texten \u201eWesen und Magie\u201c, \u201eArten und Kontexte von Masken\u201c und \u201e\u00dcber den Maskentanz\u201c ausf\u00fchrlich beschrieben und erl\u00e4utert. Das Maskenjahr ist entlang dieser inhaltlichen Linien aufgebaut. Zur Information wie zur Vorbereitung und Einstimmung empfehlen wir, diese drei Texte vorher zu lesen, die alle unter NEWS zu finden sind.<\/p>\n<p><strong>Aufbau und Ablauf des Maskenjahres<\/strong><\/p>\n<p>Das Maskenjahr besteht aus 3 aufbauenden Wochenend-Workshops in Wien und einer 8-t\u00e4gigen Maskentanz-Woche im Seminarzentrum Haarberghof im Burgenland.<br \/>\nDabei gehen wir entlang jener Stufen vor, wie in den beiden Texten ausf\u00fchrlich aufgerollt.<\/p>\n<p>1. Das erste Wochenende bietet den Einstieg, wir thematisieren die verschiedenen Arten von Masken und ihre jeweiligen Kontexte. Mit Vorf\u00fchrungen und in Kleingruppen zeigen wir praktisch die verschiedenen Maskenarten und in Gruppenrollenspielen erleben wir die unmittelbare Kraft und die Macht von Masken.<br \/>\nAm Ende des ersten Wochenendes steht das pers\u00f6nliche Maskeninventar.<\/p>\n<p>2. Im zweiten Wochenenden geht es um den psychodramatischen Zugang zu Masken, zu Akteuren, Kulisse und Requisite, zu Schauspiel, B\u00fchne und Publikum \u2013 es entsteht das \u201epsychische Drama\u201c der Masken.<\/p>\n<p>3. Das dritte Wochenende setzt den psychodramatischen Weg fort und erweitert diesen um die transpersonale Seite, wie wir es am Ende des Jahresgruppe im Maskentanz rituell mit vielen Trancen durchleben werden.<\/p>\n<p>An jedem Wochenende gibt es eine Rasseltrance zur \u00dcbung und Vorbereitung f\u00fcr die Maskenwoche.<\/p>\n<p>Der H\u00f6hepunkt der Jahresgruppe, die achtt\u00e4gige Maskentanzwoche, besteht aus vier Abschnitten:<br \/>\n1. Das Suchen und Finden des Krafttieres mit Hilfe von Rasseltrancen.<br \/>\n2. Das Bauen der Maske f\u00fcr das Krafttier, das Bemalen und Ausstatten der Maske samt Verkleidungen und Requisiten.<br \/>\n3. Erstes Spiel der Krafttiermaske, Kennenlernen und Einstimmen mit der Maske.<br \/>\n4. Der rituelle Maskentanz selbst. Dieser besteht aus zwei Teilen:<br \/>\na. dem rituellen Tanz der Masken, dessen Bestandteile und Schritte in den Trancen davor gefunden wurden, und<br \/>\nb. dem freien Spiel der Masken miteinander zu Freude, Inspiration und Vergn\u00fcgen f\u00fcr alle.<br \/>\nW\u00e4hrend des gesamten Maskentanzes befinden wir uns in Trance, die von der Rassel durchgehend gehalten wird.<\/p>\n<p><strong>Interessiert?<\/strong><\/p>\n<p>Wer am Maskenjahr Interessiert ist, schickt \u00fcber das Kontaktformular ein Email an Rudolf Kapellner und vereinbart einen Termin f\u00fcr das Vorgespr\u00e4ch. Informationen zu Terminen, Logistik und Teilnahmebedingungen siehe weiter unten.<\/p>\n<p>Wir w\u00fcnschen allen ein bereicherndes und inspirierendes Maskenjahr und freuen uns, gemeinsam die so faszinierende Welt der Masken zu erforschen und zu erleben!<\/p>\n<p>Dr. Rudolf Kapellner und Mag. Elisabeth Schlegel<br \/>\nWien, im Dezember 2022<\/p>\n<p><strong>Die logistischen Details zu \u201eMasken!Masken!\u201c:<\/strong><\/p>\n<p>Gruppenleitung:<br \/>\nGesamtleitung: Rudolf Kapellner, Co-Leitung: Elisabeth Schlegel<br \/>\nLeitung Maskentanz: Elisabeth Schlegel, Co-Leitung: Rudolf Kapellner<\/p>\n<p>Termine und Seminarzeiten:<br \/>\nSeminarzeiten: jeweils Freitag, 18h &#8211; 21h, Samstag 11h \u2013 18h, Sonntag 11h &#8211; 15h.<br \/>\nDie Termine:<br \/>\n1. Workshop: Freitag, 4.3. bis Sonntag, 6.3.2022<br \/>\n2. Workshop: Freitag, 1.4. bis Sonntag, 3.4.2022<br \/>\n3. Workshop: Freitag, 6.5. bis Sonntag, 8.5.2022<br \/>\nMaskentanz: Dienstag, 7.6. nachmittags Anreise, Beginn 19h,<br \/>\nbis Mittwoch, 15.6.2022, Ende 15h, danach Abreise<\/p>\n<p>Veranstaltungsort Wochenendworkshops:<br \/>\n\u201eBewusst Sein im Fokus\u201c, Neubaugasse 44 \/ 2. Haus \/ 2. Stock, 1070 Wien<\/p>\n<p>Veranstaltungsort Maskentanz:<br \/>\nHaarberghof, Am Haarberg 19, 7562 Eltendorf, Tel 0676 849460300<\/p>\n<p>Teilnehmeranzahl:<br \/>\nF\u00fcr das Maskenjahr gilt: Mindestteilnehmer: 8, Maximalteilnehmer: 16.<\/p>\n<p>Teilnahmebedingungen:<br \/>\nInteressierte wenden sich \u00fcber das Kontaktformular an Rudolf Kapellner f\u00fcr ein pers\u00f6nliches Vorgespr\u00e4ch, bei dem ein beiderseitiges erstes Kennenlernen m\u00f6glich ist, Fragen zum Maskenjahr selbst beantwortet werden und anschlie\u00dfend die Entscheidung \u00fcber die endg\u00fcltige Teilnahme getroffen wird.<br \/>\nMit der darauffolgenden Einzahlung der Teilnahmegeb\u00fchr ist der Platz verbindlich reserviert.<\/p>\n<p>Teilnahmegeb\u00fchr:<br \/>\nDie Teilnahmegeb\u00fchr f\u00fcr die Jahresgruppe betr\u00e4gt \u20ac 1.900,- (keine MwSt. enthalten). Erm\u00e4\u00dfigung f\u00fcr Studierende ist auf Anfrage m\u00f6glich.<br \/>\nDie Teilnahmegeb\u00fchr beinhaltet die Teilnahme an allen Veranstaltungen und alle Materialien w\u00e4hrend der Wochenend-Workshops, sowie f\u00fcr den Maskenbau beim Maskentanz. Die Kosten f\u00fcr Unterkunft und Verpflegung w\u00e4hrend des Maskentanzes sind nicht in der Teilnahmegeb\u00fchr inbegriffen und sind haupts\u00e4chlich von der individuellen Zimmerwahl vor Ort am Haarberghof abh\u00e4ngig. Informationen daf\u00fcr bitte der Website des Haarberghofes zu entnehmen.<\/p>\n<p>Einzahlung der Teilnahmegeb\u00fchr:<br \/>\nAuf das Konto bei der Hypo-N\u00d6, lautend auf Dr. Rudolf Kapellner, IBAN: AT32 5300 0011 5509 2242, BIC: HYPNATWW, mit der Bezeichnung: \u201eTeilnahmegeb\u00fchr Maskenjahr 2022\u201c.<\/p>\n<p>R\u00fccktrittsbedingungen<br \/>\nBei R\u00fccktritt von der Jahresgruppe bis zum Freitag, 28.1.2022 wird keine Stornogeb\u00fchr, sondern nur eine Bearbeitungsgeb\u00fchr von \u20ac 100,- verrechnet. Bei R\u00fccktritt ab Samstag, 29.1.2022 ist der gesamte Betrag f\u00e4llig, au\u00dfer es r\u00fcckt jemand von der Warteliste nach. Die Bearbeitungsgeb\u00fchr von \u20ac 100,- wird auch in diesem Fall verrechnet.<\/p>\n<p>Hinweis:<br \/>\nDiese Veranstaltung erfolgt in voller Eigenverantwortung und ist keinerlei Ersatz f\u00fcr eine psychologische, psychotherapeutische, psychiatrische oder medizinische Behandlung.<\/p>\n<p>Hausaufgaben:<br \/>\nF\u00fcr zwischen den Workshops werden Hausaufgaben vergeben. Diese sind verpflichtend und mindestens 1 Woche vor dem n\u00e4chsten Workshop als Word-Datei an Dr. Rudolf Kapellner, rudolf.kapellner@chello.at zu senden, da diese Teil des Entwicklungsprozesses der Gruppe sind.<\/p>\n<p>Wird diesen verpflichtenden Hausaufgaben nicht nachgekommen, hat dies letztlich den Ausschluss aus der Gruppe zur Folge und die restliche Teilnahmegeb\u00fchr verf\u00e4llt.<br \/>\nDazu erkl\u00e4rt sich jeder Teilnehmer mit seiner Unterschrift unter das Anmeldeformular ausdr\u00fccklich einverstanden.<\/p>\n<p>Corona-Bedingungen:<br \/>\nDie beim jeweiligen Zeitpunkt g\u00fcltigen gesetzlichen Auflagen f\u00fcr Veranstaltungen k\u00f6rpernaher Dienstleister sind auch f\u00fcr das Maskenjahr uneingeschr\u00e4nkt einzuhalten. Sollte jemand dies ablehnen oder nicht zur G\u00e4nze erf\u00fcllen wollen, hat dies den sofortigen Ausschluss von der Teilnahme zur Folge. Die Teilnahmegeb\u00fchr oder der verbleibende Rest kann in diesem Fall nicht r\u00fcckerstattet werden.<\/p>\n<h3 style=\"text-align: center;\"><a href=\"https:\/\/www.schule-bewusstsein.com\/Wordpress\/wp-content\/uploads\/2021\/12\/Maskenjahr-2022_Anmeldung.pdf\"><strong>JETZT ANMELDEN<\/strong><\/a><\/h3>\n","protected":false},"excerpt":{"rendered":"<p>Allgemeines Die Jahresgruppe \u201eMasken!Masken!\u201c ist ein wichtiger Bestandteil der integralen Bewusstseinswege der Schule f\u00fcr Bewusstsein. Es steht f\u00fcr eine anspruchsvolle und komplexe ebenso wie f\u00fcr spielerische, bereichernde und bezaubernde Besch\u00e4ftigung und Arbeit mit Masken auf vielf\u00e4ltige Art und Weise. Die verschiedenen Zug\u00e4nge und Arbeitsmethoden sind in den drei Texten \u201eWesen und Magie\u201c, \u201eArten und Kontexte [&hellip;]<\/p>\n","protected":false},"author":1,"featured_media":466,"comment_status":"open","ping_status":"open","sticky":false,"template":"","format":"standard","meta":{"site-sidebar-layout":"default","site-content-layout":"default","ast-site-content-layout":"default","site-content-style":"default","site-sidebar-style":"default","ast-global-header-display":"","ast-banner-title-visibility":"","ast-main-header-display":"","ast-hfb-above-header-display":"","ast-hfb-below-header-display":"","ast-hfb-mobile-header-display":"","site-post-title":"","ast-breadcrumbs-content":"","ast-featured-img":"","footer-sml-layout":"","ast-disable-related-posts":"","theme-transparent-header-meta":"default","adv-header-id-meta":"","stick-header-meta":"","header-above-stick-meta":"","header-main-stick-meta":"","header-below-stick-meta":"","astra-migrate-meta-layouts":"default","ast-page-background-enabled":"default","ast-page-background-meta":{"desktop":{"background-color":"","background-image":"","background-repeat":"repeat","background-position":"center center","background-size":"auto","background-attachment":"scroll","background-type":"","background-media":"","overlay-type":"","overlay-color":"","overlay-opacity":"","overlay-gradient":""},"tablet":{"background-color":"","background-image":"","background-repeat":"repeat","background-position":"center center","background-size":"auto","background-attachment":"scroll","background-type":"","background-media":"","overlay-type":"","overlay-color":"","overlay-opacity":"","overlay-gradient":""},"mobile":{"background-color":"","background-image":"","background-repeat":"repeat","background-position":"center center","background-size":"auto","background-attachment":"scroll","background-type":"","background-media":"","overlay-type":"","overlay-color":"","overlay-opacity":"","overlay-gradient":""}},"ast-content-background-meta":{"desktop":{"background-color":"var(--ast-global-color-5)","background-image":"","background-repeat":"repeat","background-position":"center center","background-size":"auto","background-attachment":"scroll","background-type":"","background-media":"","overlay-type":"","overlay-color":"","overlay-opacity":"","overlay-gradient":""},"tablet":{"background-color":"var(--ast-global-color-5)","background-image":"","background-repeat":"repeat","background-position":"center center","background-size":"auto","background-attachment":"scroll","background-type":"","background-media":"","overlay-type":"","overlay-color":"","overlay-opacity":"","overlay-gradient":""},"mobile":{"background-color":"var(--ast-global-color-5)","background-image":"","background-repeat":"repeat","background-position":"center center","background-size":"auto","background-attachment":"scroll","background-type":"","background-media":"","overlay-type":"","overlay-color":"","overlay-opacity":"","overlay-gradient":""}},"footnotes":""},"categories":[6],"tags":[],"class_list":["post-610","post","type-post","status-publish","format-standard","has-post-thumbnail","hentry","category-event"],"yoast_head":"<!-- This site is optimized with the Yoast SEO plugin v27.5 - https:\/\/yoast.com\/product\/yoast-seo-wordpress\/ -->\n<title>Masken! Masken! Maskenjahr 2022 - Beginn M\u00e4rz 2022 - Wiener Schule f\u00fcr Bewusstsein<\/title>\n<meta name=\"robots\" content=\"index, follow, max-snippet:-1, max-image-preview:large, max-video-preview:-1\" \/>\n<link rel=\"canonical\" href=\"https:\/\/www.schule-bewusstsein.com\/Wordpress\/masken-masken-maskenjahr-2022\/\" \/>\n<meta property=\"og:locale\" content=\"de_DE\" \/>\n<meta property=\"og:type\" content=\"article\" \/>\n<meta property=\"og:title\" content=\"Masken! Masken! Maskenjahr 2022 - Beginn M\u00e4rz 2022 - Wiener Schule f\u00fcr Bewusstsein\" \/>\n<meta property=\"og:description\" content=\"Allgemeines Die Jahresgruppe \u201eMasken!Masken!\u201c ist ein wichtiger Bestandteil der integralen Bewusstseinswege der Schule f\u00fcr Bewusstsein. Es steht f\u00fcr eine anspruchsvolle und komplexe ebenso wie f\u00fcr spielerische, bereichernde und bezaubernde Besch\u00e4ftigung und Arbeit mit Masken auf vielf\u00e4ltige Art und Weise. Die verschiedenen Zug\u00e4nge und Arbeitsmethoden sind in den drei Texten \u201eWesen und Magie\u201c, \u201eArten und Kontexte [&hellip;]\" \/>\n<meta property=\"og:url\" content=\"https:\/\/www.schule-bewusstsein.com\/Wordpress\/masken-masken-maskenjahr-2022\/\" \/>\n<meta property=\"og:site_name\" content=\"Wiener Schule f\u00fcr Bewusstsein\" \/>\n<meta property=\"article:published_time\" content=\"2021-12-16T12:05:00+00:00\" \/>\n<meta property=\"article:modified_time\" content=\"2021-12-22T13:24:41+00:00\" \/>\n<meta property=\"og:image\" content=\"https:\/\/mlrihigbn6vo.i.optimole.com\/w:auto\/h:auto\/q:mauto\/f:best\/ig:avif\/https:\/\/www.schule-bewusstsein.com\/Wordpress\/wp-content\/uploads\/2021\/05\/Maskentanz_Bild_01.png\" \/>\n\t<meta property=\"og:image:width\" content=\"1743\" \/>\n\t<meta property=\"og:image:height\" content=\"1189\" \/>\n\t<meta property=\"og:image:type\" content=\"image\/png\" \/>\n<meta name=\"author\" content=\"wordpressadmin\" \/>\n<meta name=\"twitter:card\" content=\"summary_large_image\" \/>\n<meta name=\"twitter:label1\" content=\"Verfasst von\" \/>\n\t<meta name=\"twitter:data1\" content=\"wordpressadmin\" \/>\n\t<meta name=\"twitter:label2\" content=\"Gesch\u00e4tzte Lesezeit\" \/>\n\t<meta name=\"twitter:data2\" content=\"4\u00a0Minuten\" \/>\n<script type=\"application\/ld+json\" class=\"yoast-schema-graph\">{\"@context\":\"https:\\\/\\\/schema.org\",\"@graph\":[{\"@type\":\"Article\",\"@id\":\"https:\\\/\\\/www.schule-bewusstsein.com\\\/Wordpress\\\/masken-masken-maskenjahr-2022\\\/#article\",\"isPartOf\":{\"@id\":\"https:\\\/\\\/www.schule-bewusstsein.com\\\/Wordpress\\\/masken-masken-maskenjahr-2022\\\/\"},\"author\":{\"name\":\"wordpressadmin\",\"@id\":\"https:\\\/\\\/www.schule-bewusstsein.com\\\/Wordpress\\\/#\\\/schema\\\/person\\\/a1cd9df61da100ee6afb917a9c9aedb5\"},\"headline\":\"Masken! Masken! Maskenjahr 2022 &#8211; Beginn M\u00e4rz 2022\",\"datePublished\":\"2021-12-16T12:05:00+00:00\",\"dateModified\":\"2021-12-22T13:24:41+00:00\",\"mainEntityOfPage\":{\"@id\":\"https:\\\/\\\/www.schule-bewusstsein.com\\\/Wordpress\\\/masken-masken-maskenjahr-2022\\\/\"},\"wordCount\":926,\"commentCount\":0,\"publisher\":{\"@id\":\"https:\\\/\\\/www.schule-bewusstsein.com\\\/Wordpress\\\/#organization\"},\"image\":{\"@id\":\"https:\\\/\\\/www.schule-bewusstsein.com\\\/Wordpress\\\/masken-masken-maskenjahr-2022\\\/#primaryimage\"},\"thumbnailUrl\":\"https:\\/\\/www.schule-bewusstsein.com\\/Wordpress\\/wp-content\\/uploads\\/2021\\/05\\/Maskentanz_Bild_01.png\",\"articleSection\":[\"Veranstaltung\"],\"inLanguage\":\"de\",\"potentialAction\":[{\"@type\":\"CommentAction\",\"name\":\"Comment\",\"target\":[\"https:\\\/\\\/www.schule-bewusstsein.com\\\/Wordpress\\\/masken-masken-maskenjahr-2022\\\/#respond\"]}]},{\"@type\":\"WebPage\",\"@id\":\"https:\\\/\\\/www.schule-bewusstsein.com\\\/Wordpress\\\/masken-masken-maskenjahr-2022\\\/\",\"url\":\"https:\\\/\\\/www.schule-bewusstsein.com\\\/Wordpress\\\/masken-masken-maskenjahr-2022\\\/\",\"name\":\"Masken! Masken! Maskenjahr 2022 - Beginn M\u00e4rz 2022 - Wiener Schule f\u00fcr Bewusstsein\",\"isPartOf\":{\"@id\":\"https:\\\/\\\/www.schule-bewusstsein.com\\\/Wordpress\\\/#website\"},\"primaryImageOfPage\":{\"@id\":\"https:\\\/\\\/www.schule-bewusstsein.com\\\/Wordpress\\\/masken-masken-maskenjahr-2022\\\/#primaryimage\"},\"image\":{\"@id\":\"https:\\\/\\\/www.schule-bewusstsein.com\\\/Wordpress\\\/masken-masken-maskenjahr-2022\\\/#primaryimage\"},\"thumbnailUrl\":\"https:\\/\\/www.schule-bewusstsein.com\\/Wordpress\\/wp-content\\/uploads\\/2021\\/05\\/Maskentanz_Bild_01.png\",\"datePublished\":\"2021-12-16T12:05:00+00:00\",\"dateModified\":\"2021-12-22T13:24:41+00:00\",\"breadcrumb\":{\"@id\":\"https:\\\/\\\/www.schule-bewusstsein.com\\\/Wordpress\\\/masken-masken-maskenjahr-2022\\\/#breadcrumb\"},\"inLanguage\":\"de\",\"potentialAction\":[{\"@type\":\"ReadAction\",\"target\":[\"https:\\\/\\\/www.schule-bewusstsein.com\\\/Wordpress\\\/masken-masken-maskenjahr-2022\\\/\"]}]},{\"@type\":\"ImageObject\",\"inLanguage\":\"de\",\"@id\":\"https:\\\/\\\/www.schule-bewusstsein.com\\\/Wordpress\\\/masken-masken-maskenjahr-2022\\\/#primaryimage\",\"url\":\"https:\\/\\/www.schule-bewusstsein.com\\/Wordpress\\/wp-content\\/uploads\\/2021\\/05\\/Maskentanz_Bild_01.png\",\"contentUrl\":\"https:\\/\\/www.schule-bewusstsein.com\\/Wordpress\\/wp-content\\/uploads\\/2021\\/05\\/Maskentanz_Bild_01.png\",\"width\":1743,\"height\":1189},{\"@type\":\"BreadcrumbList\",\"@id\":\"https:\\\/\\\/www.schule-bewusstsein.com\\\/Wordpress\\\/masken-masken-maskenjahr-2022\\\/#breadcrumb\",\"itemListElement\":[{\"@type\":\"ListItem\",\"position\":1,\"name\":\"Startseite\",\"item\":\"https:\\\/\\\/www.schule-bewusstsein.com\\\/Wordpress\\\/\"},{\"@type\":\"ListItem\",\"position\":2,\"name\":\"Masken! Masken! Maskenjahr 2022 &#8211; Beginn M\u00e4rz 2022\"}]},{\"@type\":\"WebSite\",\"@id\":\"https:\\\/\\\/www.schule-bewusstsein.com\\\/Wordpress\\\/#website\",\"url\":\"https:\\\/\\\/www.schule-bewusstsein.com\\\/Wordpress\\\/\",\"name\":\"Wiener Schule f\u00fcr Bewusstsein\",\"description\":\"\",\"publisher\":{\"@id\":\"https:\\\/\\\/www.schule-bewusstsein.com\\\/Wordpress\\\/#organization\"},\"potentialAction\":[{\"@type\":\"SearchAction\",\"target\":{\"@type\":\"EntryPoint\",\"urlTemplate\":\"https:\\\/\\\/www.schule-bewusstsein.com\\\/Wordpress\\\/?s={search_term_string}\"},\"query-input\":{\"@type\":\"PropertyValueSpecification\",\"valueRequired\":true,\"valueName\":\"search_term_string\"}}],\"inLanguage\":\"de\"},{\"@type\":\"Organization\",\"@id\":\"https:\\\/\\\/www.schule-bewusstsein.com\\\/Wordpress\\\/#organization\",\"name\":\"Wiener Schule f\u00fcr Bewusstsein\",\"url\":\"https:\\\/\\\/www.schule-bewusstsein.com\\\/Wordpress\\\/\",\"logo\":{\"@type\":\"ImageObject\",\"inLanguage\":\"de\",\"@id\":\"https:\\\/\\\/www.schule-bewusstsein.com\\\/Wordpress\\\/#\\\/schema\\\/logo\\\/image\\\/\",\"url\":\"https:\\/\\/www.schule-bewusstsein.com\\/Wordpress\\/wp-content\\/uploads\\/2022\\/02\\/LOGO-Schule-bunt-e1644674888998.png\",\"contentUrl\":\"https:\\/\\/www.schule-bewusstsein.com\\/Wordpress\\/wp-content\\/uploads\\/2022\\/02\\/LOGO-Schule-bunt-e1644674888998.png\",\"width\":500,\"height\":500,\"caption\":\"Wiener Schule f\u00fcr Bewusstsein\"},\"image\":{\"@id\":\"https:\\\/\\\/www.schule-bewusstsein.com\\\/Wordpress\\\/#\\\/schema\\\/logo\\\/image\\\/\"}},{\"@type\":\"Person\",\"@id\":\"https:\\\/\\\/www.schule-bewusstsein.com\\\/Wordpress\\\/#\\\/schema\\\/person\\\/a1cd9df61da100ee6afb917a9c9aedb5\",\"name\":\"wordpressadmin\",\"image\":{\"@type\":\"ImageObject\",\"inLanguage\":\"de\",\"@id\":\"https:\\\/\\\/secure.gravatar.com\\\/avatar\\\/364e1b06778741f8f809346e058b6cbce4ac9d3ec6b22bbe760108adf0892217?s=96&d=mm&r=g\",\"url\":\"https:\\\/\\\/secure.gravatar.com\\\/avatar\\\/364e1b06778741f8f809346e058b6cbce4ac9d3ec6b22bbe760108adf0892217?s=96&d=mm&r=g\",\"contentUrl\":\"https:\\\/\\\/secure.gravatar.com\\\/avatar\\\/364e1b06778741f8f809346e058b6cbce4ac9d3ec6b22bbe760108adf0892217?s=96&d=mm&r=g\",\"caption\":\"wordpressadmin\"},\"url\":\"https:\\\/\\\/www.schule-bewusstsein.com\\\/Wordpress\\\/author\\\/wordpressadmin\\\/\"}]}<\/script>\n<!-- \/ Yoast SEO plugin. -->","yoast_head_json":{"title":"Masken! Masken! Maskenjahr 2022 - Beginn M\u00e4rz 2022 - Wiener Schule f\u00fcr Bewusstsein","robots":{"index":"index","follow":"follow","max-snippet":"max-snippet:-1","max-image-preview":"max-image-preview:large","max-video-preview":"max-video-preview:-1"},"canonical":"https:\/\/www.schule-bewusstsein.com\/Wordpress\/masken-masken-maskenjahr-2022\/","og_locale":"de_DE","og_type":"article","og_title":"Masken! Masken! Maskenjahr 2022 - Beginn M\u00e4rz 2022 - Wiener Schule f\u00fcr Bewusstsein","og_description":"Allgemeines Die Jahresgruppe \u201eMasken!Masken!\u201c ist ein wichtiger Bestandteil der integralen Bewusstseinswege der Schule f\u00fcr Bewusstsein. Es steht f\u00fcr eine anspruchsvolle und komplexe ebenso wie f\u00fcr spielerische, bereichernde und bezaubernde Besch\u00e4ftigung und Arbeit mit Masken auf vielf\u00e4ltige Art und Weise. Die verschiedenen Zug\u00e4nge und Arbeitsmethoden sind in den drei Texten \u201eWesen und Magie\u201c, \u201eArten und Kontexte [&hellip;]","og_url":"https:\/\/www.schule-bewusstsein.com\/Wordpress\/masken-masken-maskenjahr-2022\/","og_site_name":"Wiener Schule f\u00fcr Bewusstsein","article_published_time":"2021-12-16T12:05:00+00:00","article_modified_time":"2021-12-22T13:24:41+00:00","og_image":[{"width":1743,"height":1189,"url":"https:\/\/mlrihigbn6vo.i.optimole.com\/w:auto\/h:auto\/q:mauto\/f:best\/ig:avif\/https:\/\/www.schule-bewusstsein.com\/Wordpress\/wp-content\/uploads\/2021\/05\/Maskentanz_Bild_01.png","type":"image\/png"}],"author":"wordpressadmin","twitter_card":"summary_large_image","twitter_misc":{"Verfasst von":"wordpressadmin","Gesch\u00e4tzte Lesezeit":"4\u00a0Minuten"},"schema":{"@context":"https:\/\/schema.org","@graph":[{"@type":"Article","@id":"https:\/\/www.schule-bewusstsein.com\/Wordpress\/masken-masken-maskenjahr-2022\/#article","isPartOf":{"@id":"https:\/\/www.schule-bewusstsein.com\/Wordpress\/masken-masken-maskenjahr-2022\/"},"author":{"name":"wordpressadmin","@id":"https:\/\/www.schule-bewusstsein.com\/Wordpress\/#\/schema\/person\/a1cd9df61da100ee6afb917a9c9aedb5"},"headline":"Masken! Masken! Maskenjahr 2022 &#8211; Beginn M\u00e4rz 2022","datePublished":"2021-12-16T12:05:00+00:00","dateModified":"2021-12-22T13:24:41+00:00","mainEntityOfPage":{"@id":"https:\/\/www.schule-bewusstsein.com\/Wordpress\/masken-masken-maskenjahr-2022\/"},"wordCount":926,"commentCount":0,"publisher":{"@id":"https:\/\/www.schule-bewusstsein.com\/Wordpress\/#organization"},"image":{"@id":"https:\/\/www.schule-bewusstsein.com\/Wordpress\/masken-masken-maskenjahr-2022\/#primaryimage"},"thumbnailUrl":"https:\/\/mlrihigbn6vo.i.optimole.com\/w:auto\/h:auto\/q:mauto\/f:best\/ig:avif\/https:\/\/www.schule-bewusstsein.com\/Wordpress\/wp-content\/uploads\/2021\/05\/Maskentanz_Bild_01.png","articleSection":["Veranstaltung"],"inLanguage":"de","potentialAction":[{"@type":"CommentAction","name":"Comment","target":["https:\/\/www.schule-bewusstsein.com\/Wordpress\/masken-masken-maskenjahr-2022\/#respond"]}]},{"@type":"WebPage","@id":"https:\/\/www.schule-bewusstsein.com\/Wordpress\/masken-masken-maskenjahr-2022\/","url":"https:\/\/www.schule-bewusstsein.com\/Wordpress\/masken-masken-maskenjahr-2022\/","name":"Masken! Masken! Maskenjahr 2022 - Beginn M\u00e4rz 2022 - Wiener Schule f\u00fcr Bewusstsein","isPartOf":{"@id":"https:\/\/www.schule-bewusstsein.com\/Wordpress\/#website"},"primaryImageOfPage":{"@id":"https:\/\/www.schule-bewusstsein.com\/Wordpress\/masken-masken-maskenjahr-2022\/#primaryimage"},"image":{"@id":"https:\/\/www.schule-bewusstsein.com\/Wordpress\/masken-masken-maskenjahr-2022\/#primaryimage"},"thumbnailUrl":"https:\/\/mlrihigbn6vo.i.optimole.com\/w:auto\/h:auto\/q:mauto\/f:best\/ig:avif\/https:\/\/www.schule-bewusstsein.com\/Wordpress\/wp-content\/uploads\/2021\/05\/Maskentanz_Bild_01.png","datePublished":"2021-12-16T12:05:00+00:00","dateModified":"2021-12-22T13:24:41+00:00","breadcrumb":{"@id":"https:\/\/www.schule-bewusstsein.com\/Wordpress\/masken-masken-maskenjahr-2022\/#breadcrumb"},"inLanguage":"de","potentialAction":[{"@type":"ReadAction","target":["https:\/\/www.schule-bewusstsein.com\/Wordpress\/masken-masken-maskenjahr-2022\/"]}]},{"@type":"ImageObject","inLanguage":"de","@id":"https:\/\/www.schule-bewusstsein.com\/Wordpress\/masken-masken-maskenjahr-2022\/#primaryimage","url":"https:\/\/mlrihigbn6vo.i.optimole.com\/w:auto\/h:auto\/q:mauto\/f:best\/ig:avif\/https:\/\/www.schule-bewusstsein.com\/Wordpress\/wp-content\/uploads\/2021\/05\/Maskentanz_Bild_01.png","contentUrl":"https:\/\/mlrihigbn6vo.i.optimole.com\/w:auto\/h:auto\/q:mauto\/f:best\/ig:avif\/https:\/\/www.schule-bewusstsein.com\/Wordpress\/wp-content\/uploads\/2021\/05\/Maskentanz_Bild_01.png","width":1743,"height":1189},{"@type":"BreadcrumbList","@id":"https:\/\/www.schule-bewusstsein.com\/Wordpress\/masken-masken-maskenjahr-2022\/#breadcrumb","itemListElement":[{"@type":"ListItem","position":1,"name":"Startseite","item":"https:\/\/www.schule-bewusstsein.com\/Wordpress\/"},{"@type":"ListItem","position":2,"name":"Masken! Masken! Maskenjahr 2022 &#8211; Beginn M\u00e4rz 2022"}]},{"@type":"WebSite","@id":"https:\/\/www.schule-bewusstsein.com\/Wordpress\/#website","url":"https:\/\/www.schule-bewusstsein.com\/Wordpress\/","name":"Wiener Schule f\u00fcr Bewusstsein","description":"","publisher":{"@id":"https:\/\/www.schule-bewusstsein.com\/Wordpress\/#organization"},"potentialAction":[{"@type":"SearchAction","target":{"@type":"EntryPoint","urlTemplate":"https:\/\/www.schule-bewusstsein.com\/Wordpress\/?s={search_term_string}"},"query-input":{"@type":"PropertyValueSpecification","valueRequired":true,"valueName":"search_term_string"}}],"inLanguage":"de"},{"@type":"Organization","@id":"https:\/\/www.schule-bewusstsein.com\/Wordpress\/#organization","name":"Wiener Schule f\u00fcr Bewusstsein","url":"https:\/\/www.schule-bewusstsein.com\/Wordpress\/","logo":{"@type":"ImageObject","inLanguage":"de","@id":"https:\/\/www.schule-bewusstsein.com\/Wordpress\/#\/schema\/logo\/image\/","url":"https:\/\/mlrihigbn6vo.i.optimole.com\/w:auto\/h:auto\/q:mauto\/f:best\/ig:avif\/https:\/\/www.schule-bewusstsein.com\/Wordpress\/wp-content\/uploads\/2022\/02\/LOGO-Schule-bunt-e1644674888998.png","contentUrl":"https:\/\/mlrihigbn6vo.i.optimole.com\/w:auto\/h:auto\/q:mauto\/f:best\/ig:avif\/https:\/\/www.schule-bewusstsein.com\/Wordpress\/wp-content\/uploads\/2022\/02\/LOGO-Schule-bunt-e1644674888998.png","width":500,"height":500,"caption":"Wiener Schule f\u00fcr Bewusstsein"},"image":{"@id":"https:\/\/www.schule-bewusstsein.com\/Wordpress\/#\/schema\/logo\/image\/"}},{"@type":"Person","@id":"https:\/\/www.schule-bewusstsein.com\/Wordpress\/#\/schema\/person\/a1cd9df61da100ee6afb917a9c9aedb5","name":"wordpressadmin","image":{"@type":"ImageObject","inLanguage":"de","@id":"https:\/\/secure.gravatar.com\/avatar\/364e1b06778741f8f809346e058b6cbce4ac9d3ec6b22bbe760108adf0892217?s=96&d=mm&r=g","url":"https:\/\/secure.gravatar.com\/avatar\/364e1b06778741f8f809346e058b6cbce4ac9d3ec6b22bbe760108adf0892217?s=96&d=mm&r=g","contentUrl":"https:\/\/secure.gravatar.com\/avatar\/364e1b06778741f8f809346e058b6cbce4ac9d3ec6b22bbe760108adf0892217?s=96&d=mm&r=g","caption":"wordpressadmin"},"url":"https:\/\/www.schule-bewusstsein.com\/Wordpress\/author\/wordpressadmin\/"}]}},"_links":{"self":[{"href":"https:\/\/www.schule-bewusstsein.com\/Wordpress\/wp-json\/wp\/v2\/posts\/610","targetHints":{"allow":["GET"]}}],"collection":[{"href":"https:\/\/www.schule-bewusstsein.com\/Wordpress\/wp-json\/wp\/v2\/posts"}],"about":[{"href":"https:\/\/www.schule-bewusstsein.com\/Wordpress\/wp-json\/wp\/v2\/types\/post"}],"author":[{"embeddable":true,"href":"https:\/\/www.schule-bewusstsein.com\/Wordpress\/wp-json\/wp\/v2\/users\/1"}],"replies":[{"embeddable":true,"href":"https:\/\/www.schule-bewusstsein.com\/Wordpress\/wp-json\/wp\/v2\/comments?post=610"}],"version-history":[{"count":8,"href":"https:\/\/www.schule-bewusstsein.com\/Wordpress\/wp-json\/wp\/v2\/posts\/610\/revisions"}],"predecessor-version":[{"id":656,"href":"https:\/\/www.schule-bewusstsein.com\/Wordpress\/wp-json\/wp\/v2\/posts\/610\/revisions\/656"}],"wp:featuredmedia":[{"embeddable":true,"href":"https:\/\/www.schule-bewusstsein.com\/Wordpress\/wp-json\/wp\/v2\/media\/466"}],"wp:attachment":[{"href":"https:\/\/www.schule-bewusstsein.com\/Wordpress\/wp-json\/wp\/v2\/media?parent=610"}],"wp:term":[{"taxonomy":"category","embeddable":true,"href":"https:\/\/www.schule-bewusstsein.com\/Wordpress\/wp-json\/wp\/v2\/categories?post=610"},{"taxonomy":"post_tag","embeddable":true,"href":"https:\/\/www.schule-bewusstsein.com\/Wordpress\/wp-json\/wp\/v2\/tags?post=610"}],"curies":[{"name":"wp","href":"https:\/\/api.w.org\/{rel}","templated":true}]}}