{"id":860,"date":"2022-09-20T21:02:52","date_gmt":"2022-09-20T19:02:52","guid":{"rendered":"https:\/\/www.schule-bewusstsein.com\/Wordpress\/?p=860"},"modified":"2022-11-10T15:34:17","modified_gmt":"2022-11-10T14:34:17","slug":"der-weg-des-kriegers-1-einfuehrungsabend-27-9-2022","status":"publish","type":"post","link":"https:\/\/www.schule-bewusstsein.com\/Wordpress\/der-weg-des-kriegers-1-einfuehrungsabend-27-9-2022\/","title":{"rendered":"Der Weg des Kriegers    1.Einf\u00fchrungsabend 29.9.2022"},"content":{"rendered":"<p><strong>Donnerstag, <\/strong><strong>29.09.2022, 18h \u2013 20h, im Seminarzentrum <\/strong><a href=\"https:\/\/bewusst-sein-im-fokus.at\/\">Bewusst Sein im Fokus<\/a><\/p>\n<p>Was bedeutet der \u201ePfad des Wissens\u201c? Was sind ein Krieger und eine Kriegerin?<\/p>\n<p><strong>Herk\u00f6mmliche Bewusstseinswege<\/strong> wie auch herk\u00f6mmliche Kriegerwege entstanden im Rahmen <strong>jahrhundertelanger Traditionen<\/strong> und wurden st\u00e4ndig verfeinert und weiterentwickelt.<\/p>\n<p>Solche Wege zu gehen mag durchaus sinnvoll sein, doch sie verlangen mehrere Jahrzehnte ausschlie\u00dflich diesen einen Weg zu erlernen und zu perfektionieren. Und bleiben doch in einer Tradition gefangen und sind oft nicht mehr zeitgem\u00e4\u00df\u2026.<\/p>\n<p>Rudolf Kapellner zeigt an diesem ersten Abend <strong>anhand seines eigenen, lebenslangen pers\u00f6nlichen \u201ePfad des Wissens\u201c<\/strong>, wie sich ein Mensch, der \u201ees wissen will\u201c, den <strong>Herausforderungen heutiger Transformationskrisen<\/strong> stellt und aus verschiedenen Traditionen einen integralen Bewusstseinsweg entwickeln kann.<\/p>\n<p>Denn der Krieger-Bewusstseinsweg von Rudolf Kapellner ist nicht an eine einzige alte Tradition gebunden (auch wenn er mehrere solcher Traditionen von Grund auf erlernt hat), sondern <strong>putzt, f\u00fcgt zusammen, integriert<\/strong> und macht aus einem B\u00fcndel alter Traditionen einen <strong>zeitgem\u00e4\u00dfen und im heutigen Kontext<\/strong> neu erlern- und begehbaren Kriegerweg.<\/p>\n<p><strong>Der erste Abend wird daher zeigen: <\/strong><\/p>\n<ul>\n<li>Welche Bewusstseinstraditionen sind in diesem Kriegertraining integriert?<\/li>\n<li>Wie werden mehrere alte Traditionen integriert, so sie denn \u00fcberhaupt integrierbar sind?<\/li>\n<li>Wie transferiert man alte Traditionen in die heutige Zeit?<\/li>\n<li>Und welchen Vorteil und Nutzen bringt der Kriegerweg von Rudolf Kapellner gegen\u00fcber herk\u00f6mmlichen, mono-traditionellen Wegen?<\/li>\n<\/ul>\n<p>Zur Anmeldung per Email \u00fcber das <a href=\"https:\/\/www.schule-bewusstsein.com\/Wordpress\/kontakt\/\">Kontaktformular<\/a><\/p>\n<p>Lesen Sie mehr \u00fcber das Kriegertraining \u201e<a href=\"https:\/\/www.schule-bewusstsein.com\/Wordpress\/kriegertraining\/\">Auf dem Pfad des Wissens<\/a>\u201c<\/p>\n<h3>\u00dcbersicht \u00fcber die weiteren 8 Abende:<\/h3>\n<hr>\n<p><strong>Ort: <\/strong><span style=\"font-size: 1rem; font-weight: inherit; color: var(--ast-global-color-3);\">Seminarzentrum \u201e<\/span><a style=\"font-size: 1rem; font-weight: inherit;\" href=\"https:\/\/bewusst-sein-im-fokus.at\/\">Bewusst Sein im Fokus<\/a><span style=\"font-size: 1rem; font-weight: inherit; color: var(--ast-global-color-3);\">\u201c, Neubaugasse 44\/2. Haus\/2. Stock, 1070 Wien<br \/>\n<\/span><strong>Wochentage: <\/strong><span style=\"font-size: 1rem; font-weight: inherit; color: var(--ast-global-color-3);\">8 Abende jeweils am Donnerstag. <\/span>Der 9. Abend ist am Mittwoch, 21.12.2022!<br \/>\n<strong>Zeiten: <\/strong><span style=\"font-size: 1rem; font-weight: inherit; color: var(--ast-global-color-3);\">jeweils von 18h bis 20h<br \/>\n<\/span><strong>Kosten: <\/strong><span style=\"font-size: 1rem; font-weight: inherit; color: var(--ast-global-color-3);\">Eintritt frei, gerne eine Spende<\/span><\/p>\n<p><strong>Anmeldung:<br \/>\n<\/strong>Formlose Anmeldung per Email an die Schule \/ <a href=\"https:\/\/www.schule-bewusstsein.com\/Wordpress\/kontakt\/\">Kontaktformular<\/a> in der Website der Schule<\/p>\n<ol start=\"2\">\n<li><strong> Abend: Donnerstag, <\/strong><strong>13.10.2022: \u201eDie Kunst des Kriegers\u201c<\/strong><\/li>\n<\/ol>\n<p>Die Talente und die Kunst der Krieger \u2013 ein Streifzug durch die zentralen F\u00e4higkeiten und Kompetenzen der Krieger<\/p>\n<ol start=\"3\">\n<li><strong> Abend: Donnerstag, <\/strong><strong>20.10.2022: \u201eDie Kraft des Kriegers\u201c<\/strong><\/li>\n<\/ol>\n<p>Der Krieger und seine Kraft \u2013 das Energieniveau der Krieger und wof\u00fcr er Kraft und Energie braucht und benutzt<\/p>\n<ol start=\"4\">\n<li><strong> Abend: Donnerstag, <\/strong><strong>03.11.2022: \u201eKrieger und Tod\u201c<\/strong><\/li>\n<\/ol>\n<p>Krieger und Tod \u2013 der Tod als Ratgeber \u2013 Leben angesichts des Todes, um zum wahren Leben zu finden<\/p>\n<ol start=\"5\">\n<li><strong> Abend: Donnerstag, <\/strong><strong>10.11.2022: \u201eKrieger und Beziehung\u201c<\/strong><\/li>\n<\/ol>\n<p>Krieger und Beziehungen \u2013 sein soziales Gef\u00fcge, sein Liebesleben und seine Gef\u00e4hrten<\/p>\n<ol start=\"6\">\n<li><strong> Abend: Donnerstag, <\/strong><strong>24.11.2022: \u201eDie 4 Feinde des Kriegers\u201c<\/strong><\/li>\n<\/ol>\n<p>Die 4 Feinde des Kriegers und wie er sie \u00fcberwindet und benutzt f\u00fcr seinen ganz pers\u00f6nlichen Pfad des Wissens<\/p>\n<ol start=\"7\">\n<li><strong> Abend: Donnerstag, <\/strong><strong>01.12.2022: \u201eEgo und Eigend\u00fcnkel des Kriegers\u201c<\/strong><\/li>\n<\/ol>\n<p>Krieger, Ego und Eigend\u00fcnkel &#8211; sein lebenslanger Kampf mit dem Eigend\u00fcnkel, der seine schlimmsten und seine st\u00e4rksten Seiten hervorbringt<\/p>\n<ol start=\"8\">\n<li><strong> Abend: Donnerstag,<\/strong><strong>15.12.2022: \u201eDie 4 gro\u00dfen Kriegerkulturen der Welt\u201c<\/strong><\/li>\n<\/ol>\n<p>Die 4 gro\u00dfen Kriegerkulturen der Welt \u2013 die asiatischen, afrikanischen, amerikanischen und europ\u00e4ischen Kriegertraditionen und ihre Integration im \u201ePfad des Wissens\u201c<\/p>\n<ol start=\"9\">\n<li><strong> Abend: Mittwoch, 21.12.2022: \u201eDie Macht von Kalendern und der Krieger\u201c<\/strong><\/li>\n<\/ol>\n<p>Kalender und Macht im Wandel der Jahrtausende<\/p>\n<p>anschlie\u00dfend Rasseltranceritual zur l\u00e4ngsten Nacht des Jahres<\/p>\n","protected":false},"excerpt":{"rendered":"<p>Donnerstag, 29.09.2022, 18h \u2013 20h, im Seminarzentrum Bewusst Sein im Fokus Was bedeutet der \u201ePfad des Wissens\u201c? Was sind ein Krieger und eine Kriegerin? Herk\u00f6mmliche Bewusstseinswege wie auch herk\u00f6mmliche Kriegerwege entstanden im Rahmen jahrhundertelanger Traditionen und wurden st\u00e4ndig verfeinert und weiterentwickelt. Solche Wege zu gehen mag durchaus sinnvoll sein, doch sie verlangen mehrere Jahrzehnte ausschlie\u00dflich [&hellip;]<\/p>\n","protected":false},"author":1,"featured_media":864,"comment_status":"open","ping_status":"open","sticky":false,"template":"","format":"standard","meta":{"site-sidebar-layout":"default","site-content-layout":"default","ast-site-content-layout":"default","site-content-style":"default","site-sidebar-style":"default","ast-global-header-display":"","ast-banner-title-visibility":"","ast-main-header-display":"","ast-hfb-above-header-display":"","ast-hfb-below-header-display":"","ast-hfb-mobile-header-display":"","site-post-title":"","ast-breadcrumbs-content":"","ast-featured-img":"","footer-sml-layout":"","ast-disable-related-posts":"","theme-transparent-header-meta":"default","adv-header-id-meta":"","stick-header-meta":"","header-above-stick-meta":"","header-main-stick-meta":"","header-below-stick-meta":"","astra-migrate-meta-layouts":"default","ast-page-background-enabled":"default","ast-page-background-meta":{"desktop":{"background-color":"","background-image":"","background-repeat":"repeat","background-position":"center center","background-size":"auto","background-attachment":"scroll","background-type":"","background-media":"","overlay-type":"","overlay-color":"","overlay-opacity":"","overlay-gradient":""},"tablet":{"background-color":"","background-image":"","background-repeat":"repeat","background-position":"center center","background-size":"auto","background-attachment":"scroll","background-type":"","background-media":"","overlay-type":"","overlay-color":"","overlay-opacity":"","overlay-gradient":""},"mobile":{"background-color":"","background-image":"","background-repeat":"repeat","background-position":"center center","background-size":"auto","background-attachment":"scroll","background-type":"","background-media":"","overlay-type":"","overlay-color":"","overlay-opacity":"","overlay-gradient":""}},"ast-content-background-meta":{"desktop":{"background-color":"var(--ast-global-color-5)","background-image":"","background-repeat":"repeat","background-position":"center center","background-size":"auto","background-attachment":"scroll","background-type":"","background-media":"","overlay-type":"","overlay-color":"","overlay-opacity":"","overlay-gradient":""},"tablet":{"background-color":"var(--ast-global-color-5)","background-image":"","background-repeat":"repeat","background-position":"center center","background-size":"auto","background-attachment":"scroll","background-type":"","background-media":"","overlay-type":"","overlay-color":"","overlay-opacity":"","overlay-gradient":""},"mobile":{"background-color":"var(--ast-global-color-5)","background-image":"","background-repeat":"repeat","background-position":"center center","background-size":"auto","background-attachment":"scroll","background-type":"","background-media":"","overlay-type":"","overlay-color":"","overlay-opacity":"","overlay-gradient":""}},"footnotes":""},"categories":[6],"tags":[],"class_list":["post-860","post","type-post","status-publish","format-standard","has-post-thumbnail","hentry","category-event"],"yoast_head":"<!-- This site is optimized with the Yoast SEO plugin v27.5 - https:\/\/yoast.com\/product\/yoast-seo-wordpress\/ -->\n<title>Der Weg des Kriegers  1.Einf\u00fchrungsabend 29.9.2022 - Wiener Schule f\u00fcr Bewusstsein<\/title>\n<meta name=\"robots\" content=\"index, follow, max-snippet:-1, max-image-preview:large, max-video-preview:-1\" \/>\n<link rel=\"canonical\" href=\"https:\/\/www.schule-bewusstsein.com\/Wordpress\/der-weg-des-kriegers-1-einfuehrungsabend-27-9-2022\/\" \/>\n<meta property=\"og:locale\" content=\"de_DE\" \/>\n<meta property=\"og:type\" content=\"article\" \/>\n<meta property=\"og:title\" content=\"Der Weg des Kriegers  1.Einf\u00fchrungsabend 29.9.2022 - Wiener Schule f\u00fcr Bewusstsein\" \/>\n<meta property=\"og:description\" content=\"Donnerstag, 29.09.2022, 18h \u2013 20h, im Seminarzentrum Bewusst Sein im Fokus Was bedeutet der \u201ePfad des Wissens\u201c? Was sind ein Krieger und eine Kriegerin? Herk\u00f6mmliche Bewusstseinswege wie auch herk\u00f6mmliche Kriegerwege entstanden im Rahmen jahrhundertelanger Traditionen und wurden st\u00e4ndig verfeinert und weiterentwickelt. Solche Wege zu gehen mag durchaus sinnvoll sein, doch sie verlangen mehrere Jahrzehnte ausschlie\u00dflich [&hellip;]\" \/>\n<meta property=\"og:url\" content=\"https:\/\/www.schule-bewusstsein.com\/Wordpress\/der-weg-des-kriegers-1-einfuehrungsabend-27-9-2022\/\" \/>\n<meta property=\"og:site_name\" content=\"Wiener Schule f\u00fcr Bewusstsein\" \/>\n<meta property=\"article:published_time\" content=\"2022-09-20T19:02:52+00:00\" \/>\n<meta property=\"article:modified_time\" content=\"2022-11-10T14:34:17+00:00\" \/>\n<meta property=\"og:image\" content=\"https:\/\/mlrihigbn6vo.i.optimole.com\/w:auto\/h:auto\/q:mauto\/f:best\/ig:avif\/https:\/\/www.schule-bewusstsein.com\/Wordpress\/wp-content\/uploads\/2022\/09\/lehrer-bild1.png\" \/>\n\t<meta property=\"og:image:width\" content=\"2000\" \/>\n\t<meta property=\"og:image:height\" content=\"1384\" \/>\n\t<meta property=\"og:image:type\" content=\"image\/png\" \/>\n<meta name=\"author\" content=\"wordpressadmin\" \/>\n<meta name=\"twitter:card\" content=\"summary_large_image\" \/>\n<meta name=\"twitter:label1\" content=\"Verfasst von\" \/>\n\t<meta name=\"twitter:data1\" content=\"wordpressadmin\" \/>\n\t<meta name=\"twitter:label2\" content=\"Gesch\u00e4tzte Lesezeit\" \/>\n\t<meta name=\"twitter:data2\" content=\"3\u00a0Minuten\" \/>\n<script type=\"application\/ld+json\" class=\"yoast-schema-graph\">{\"@context\":\"https:\\\/\\\/schema.org\",\"@graph\":[{\"@type\":\"Article\",\"@id\":\"https:\\\/\\\/www.schule-bewusstsein.com\\\/Wordpress\\\/der-weg-des-kriegers-1-einfuehrungsabend-27-9-2022\\\/#article\",\"isPartOf\":{\"@id\":\"https:\\\/\\\/www.schule-bewusstsein.com\\\/Wordpress\\\/der-weg-des-kriegers-1-einfuehrungsabend-27-9-2022\\\/\"},\"author\":{\"name\":\"wordpressadmin\",\"@id\":\"https:\\\/\\\/www.schule-bewusstsein.com\\\/Wordpress\\\/#\\\/schema\\\/person\\\/a1cd9df61da100ee6afb917a9c9aedb5\"},\"headline\":\"Der Weg des Kriegers 1.Einf\u00fchrungsabend 29.9.2022\",\"datePublished\":\"2022-09-20T19:02:52+00:00\",\"dateModified\":\"2022-11-10T14:34:17+00:00\",\"mainEntityOfPage\":{\"@id\":\"https:\\\/\\\/www.schule-bewusstsein.com\\\/Wordpress\\\/der-weg-des-kriegers-1-einfuehrungsabend-27-9-2022\\\/\"},\"wordCount\":492,\"commentCount\":0,\"publisher\":{\"@id\":\"https:\\\/\\\/www.schule-bewusstsein.com\\\/Wordpress\\\/#organization\"},\"image\":{\"@id\":\"https:\\\/\\\/www.schule-bewusstsein.com\\\/Wordpress\\\/der-weg-des-kriegers-1-einfuehrungsabend-27-9-2022\\\/#primaryimage\"},\"thumbnailUrl\":\"https:\\/\\/www.schule-bewusstsein.com\\/Wordpress\\/wp-content\\/uploads\\/2022\\/09\\/lehrer-bild1.png\",\"articleSection\":[\"Veranstaltung\"],\"inLanguage\":\"de\",\"potentialAction\":[{\"@type\":\"CommentAction\",\"name\":\"Comment\",\"target\":[\"https:\\\/\\\/www.schule-bewusstsein.com\\\/Wordpress\\\/der-weg-des-kriegers-1-einfuehrungsabend-27-9-2022\\\/#respond\"]}]},{\"@type\":\"WebPage\",\"@id\":\"https:\\\/\\\/www.schule-bewusstsein.com\\\/Wordpress\\\/der-weg-des-kriegers-1-einfuehrungsabend-27-9-2022\\\/\",\"url\":\"https:\\\/\\\/www.schule-bewusstsein.com\\\/Wordpress\\\/der-weg-des-kriegers-1-einfuehrungsabend-27-9-2022\\\/\",\"name\":\"Der Weg des Kriegers 1.Einf\u00fchrungsabend 29.9.2022 - Wiener Schule f\u00fcr Bewusstsein\",\"isPartOf\":{\"@id\":\"https:\\\/\\\/www.schule-bewusstsein.com\\\/Wordpress\\\/#website\"},\"primaryImageOfPage\":{\"@id\":\"https:\\\/\\\/www.schule-bewusstsein.com\\\/Wordpress\\\/der-weg-des-kriegers-1-einfuehrungsabend-27-9-2022\\\/#primaryimage\"},\"image\":{\"@id\":\"https:\\\/\\\/www.schule-bewusstsein.com\\\/Wordpress\\\/der-weg-des-kriegers-1-einfuehrungsabend-27-9-2022\\\/#primaryimage\"},\"thumbnailUrl\":\"https:\\/\\/www.schule-bewusstsein.com\\/Wordpress\\/wp-content\\/uploads\\/2022\\/09\\/lehrer-bild1.png\",\"datePublished\":\"2022-09-20T19:02:52+00:00\",\"dateModified\":\"2022-11-10T14:34:17+00:00\",\"breadcrumb\":{\"@id\":\"https:\\\/\\\/www.schule-bewusstsein.com\\\/Wordpress\\\/der-weg-des-kriegers-1-einfuehrungsabend-27-9-2022\\\/#breadcrumb\"},\"inLanguage\":\"de\",\"potentialAction\":[{\"@type\":\"ReadAction\",\"target\":[\"https:\\\/\\\/www.schule-bewusstsein.com\\\/Wordpress\\\/der-weg-des-kriegers-1-einfuehrungsabend-27-9-2022\\\/\"]}]},{\"@type\":\"ImageObject\",\"inLanguage\":\"de\",\"@id\":\"https:\\\/\\\/www.schule-bewusstsein.com\\\/Wordpress\\\/der-weg-des-kriegers-1-einfuehrungsabend-27-9-2022\\\/#primaryimage\",\"url\":\"https:\\/\\/www.schule-bewusstsein.com\\/Wordpress\\/wp-content\\/uploads\\/2022\\/09\\/lehrer-bild1.png\",\"contentUrl\":\"https:\\/\\/www.schule-bewusstsein.com\\/Wordpress\\/wp-content\\/uploads\\/2022\\/09\\/lehrer-bild1.png\",\"width\":2000,\"height\":1384},{\"@type\":\"BreadcrumbList\",\"@id\":\"https:\\\/\\\/www.schule-bewusstsein.com\\\/Wordpress\\\/der-weg-des-kriegers-1-einfuehrungsabend-27-9-2022\\\/#breadcrumb\",\"itemListElement\":[{\"@type\":\"ListItem\",\"position\":1,\"name\":\"Startseite\",\"item\":\"https:\\\/\\\/www.schule-bewusstsein.com\\\/Wordpress\\\/\"},{\"@type\":\"ListItem\",\"position\":2,\"name\":\"Der Weg des Kriegers 1.Einf\u00fchrungsabend 29.9.2022\"}]},{\"@type\":\"WebSite\",\"@id\":\"https:\\\/\\\/www.schule-bewusstsein.com\\\/Wordpress\\\/#website\",\"url\":\"https:\\\/\\\/www.schule-bewusstsein.com\\\/Wordpress\\\/\",\"name\":\"Wiener Schule f\u00fcr Bewusstsein\",\"description\":\"\",\"publisher\":{\"@id\":\"https:\\\/\\\/www.schule-bewusstsein.com\\\/Wordpress\\\/#organization\"},\"potentialAction\":[{\"@type\":\"SearchAction\",\"target\":{\"@type\":\"EntryPoint\",\"urlTemplate\":\"https:\\\/\\\/www.schule-bewusstsein.com\\\/Wordpress\\\/?s={search_term_string}\"},\"query-input\":{\"@type\":\"PropertyValueSpecification\",\"valueRequired\":true,\"valueName\":\"search_term_string\"}}],\"inLanguage\":\"de\"},{\"@type\":\"Organization\",\"@id\":\"https:\\\/\\\/www.schule-bewusstsein.com\\\/Wordpress\\\/#organization\",\"name\":\"Wiener Schule f\u00fcr Bewusstsein\",\"url\":\"https:\\\/\\\/www.schule-bewusstsein.com\\\/Wordpress\\\/\",\"logo\":{\"@type\":\"ImageObject\",\"inLanguage\":\"de\",\"@id\":\"https:\\\/\\\/www.schule-bewusstsein.com\\\/Wordpress\\\/#\\\/schema\\\/logo\\\/image\\\/\",\"url\":\"https:\\/\\/www.schule-bewusstsein.com\\/Wordpress\\/wp-content\\/uploads\\/2022\\/02\\/LOGO-Schule-bunt-e1644674888998.png\",\"contentUrl\":\"https:\\/\\/www.schule-bewusstsein.com\\/Wordpress\\/wp-content\\/uploads\\/2022\\/02\\/LOGO-Schule-bunt-e1644674888998.png\",\"width\":500,\"height\":500,\"caption\":\"Wiener Schule f\u00fcr Bewusstsein\"},\"image\":{\"@id\":\"https:\\\/\\\/www.schule-bewusstsein.com\\\/Wordpress\\\/#\\\/schema\\\/logo\\\/image\\\/\"}},{\"@type\":\"Person\",\"@id\":\"https:\\\/\\\/www.schule-bewusstsein.com\\\/Wordpress\\\/#\\\/schema\\\/person\\\/a1cd9df61da100ee6afb917a9c9aedb5\",\"name\":\"wordpressadmin\",\"image\":{\"@type\":\"ImageObject\",\"inLanguage\":\"de\",\"@id\":\"https:\\\/\\\/secure.gravatar.com\\\/avatar\\\/364e1b06778741f8f809346e058b6cbce4ac9d3ec6b22bbe760108adf0892217?s=96&d=mm&r=g\",\"url\":\"https:\\\/\\\/secure.gravatar.com\\\/avatar\\\/364e1b06778741f8f809346e058b6cbce4ac9d3ec6b22bbe760108adf0892217?s=96&d=mm&r=g\",\"contentUrl\":\"https:\\\/\\\/secure.gravatar.com\\\/avatar\\\/364e1b06778741f8f809346e058b6cbce4ac9d3ec6b22bbe760108adf0892217?s=96&d=mm&r=g\",\"caption\":\"wordpressadmin\"},\"url\":\"https:\\\/\\\/www.schule-bewusstsein.com\\\/Wordpress\\\/author\\\/wordpressadmin\\\/\"}]}<\/script>\n<!-- \/ Yoast SEO plugin. -->","yoast_head_json":{"title":"Der Weg des Kriegers  1.Einf\u00fchrungsabend 29.9.2022 - Wiener Schule f\u00fcr Bewusstsein","robots":{"index":"index","follow":"follow","max-snippet":"max-snippet:-1","max-image-preview":"max-image-preview:large","max-video-preview":"max-video-preview:-1"},"canonical":"https:\/\/www.schule-bewusstsein.com\/Wordpress\/der-weg-des-kriegers-1-einfuehrungsabend-27-9-2022\/","og_locale":"de_DE","og_type":"article","og_title":"Der Weg des Kriegers  1.Einf\u00fchrungsabend 29.9.2022 - Wiener Schule f\u00fcr Bewusstsein","og_description":"Donnerstag, 29.09.2022, 18h \u2013 20h, im Seminarzentrum Bewusst Sein im Fokus Was bedeutet der \u201ePfad des Wissens\u201c? Was sind ein Krieger und eine Kriegerin? Herk\u00f6mmliche Bewusstseinswege wie auch herk\u00f6mmliche Kriegerwege entstanden im Rahmen jahrhundertelanger Traditionen und wurden st\u00e4ndig verfeinert und weiterentwickelt. Solche Wege zu gehen mag durchaus sinnvoll sein, doch sie verlangen mehrere Jahrzehnte ausschlie\u00dflich [&hellip;]","og_url":"https:\/\/www.schule-bewusstsein.com\/Wordpress\/der-weg-des-kriegers-1-einfuehrungsabend-27-9-2022\/","og_site_name":"Wiener Schule f\u00fcr Bewusstsein","article_published_time":"2022-09-20T19:02:52+00:00","article_modified_time":"2022-11-10T14:34:17+00:00","og_image":[{"width":2000,"height":1384,"url":"https:\/\/mlrihigbn6vo.i.optimole.com\/w:auto\/h:auto\/q:mauto\/f:best\/ig:avif\/https:\/\/www.schule-bewusstsein.com\/Wordpress\/wp-content\/uploads\/2022\/09\/lehrer-bild1.png","type":"image\/png"}],"author":"wordpressadmin","twitter_card":"summary_large_image","twitter_misc":{"Verfasst von":"wordpressadmin","Gesch\u00e4tzte Lesezeit":"3\u00a0Minuten"},"schema":{"@context":"https:\/\/schema.org","@graph":[{"@type":"Article","@id":"https:\/\/www.schule-bewusstsein.com\/Wordpress\/der-weg-des-kriegers-1-einfuehrungsabend-27-9-2022\/#article","isPartOf":{"@id":"https:\/\/www.schule-bewusstsein.com\/Wordpress\/der-weg-des-kriegers-1-einfuehrungsabend-27-9-2022\/"},"author":{"name":"wordpressadmin","@id":"https:\/\/www.schule-bewusstsein.com\/Wordpress\/#\/schema\/person\/a1cd9df61da100ee6afb917a9c9aedb5"},"headline":"Der Weg des Kriegers 1.Einf\u00fchrungsabend 29.9.2022","datePublished":"2022-09-20T19:02:52+00:00","dateModified":"2022-11-10T14:34:17+00:00","mainEntityOfPage":{"@id":"https:\/\/www.schule-bewusstsein.com\/Wordpress\/der-weg-des-kriegers-1-einfuehrungsabend-27-9-2022\/"},"wordCount":492,"commentCount":0,"publisher":{"@id":"https:\/\/www.schule-bewusstsein.com\/Wordpress\/#organization"},"image":{"@id":"https:\/\/www.schule-bewusstsein.com\/Wordpress\/der-weg-des-kriegers-1-einfuehrungsabend-27-9-2022\/#primaryimage"},"thumbnailUrl":"https:\/\/mlrihigbn6vo.i.optimole.com\/w:auto\/h:auto\/q:mauto\/f:best\/ig:avif\/https:\/\/www.schule-bewusstsein.com\/Wordpress\/wp-content\/uploads\/2022\/09\/lehrer-bild1.png","articleSection":["Veranstaltung"],"inLanguage":"de","potentialAction":[{"@type":"CommentAction","name":"Comment","target":["https:\/\/www.schule-bewusstsein.com\/Wordpress\/der-weg-des-kriegers-1-einfuehrungsabend-27-9-2022\/#respond"]}]},{"@type":"WebPage","@id":"https:\/\/www.schule-bewusstsein.com\/Wordpress\/der-weg-des-kriegers-1-einfuehrungsabend-27-9-2022\/","url":"https:\/\/www.schule-bewusstsein.com\/Wordpress\/der-weg-des-kriegers-1-einfuehrungsabend-27-9-2022\/","name":"Der Weg des Kriegers 1.Einf\u00fchrungsabend 29.9.2022 - Wiener Schule f\u00fcr Bewusstsein","isPartOf":{"@id":"https:\/\/www.schule-bewusstsein.com\/Wordpress\/#website"},"primaryImageOfPage":{"@id":"https:\/\/www.schule-bewusstsein.com\/Wordpress\/der-weg-des-kriegers-1-einfuehrungsabend-27-9-2022\/#primaryimage"},"image":{"@id":"https:\/\/www.schule-bewusstsein.com\/Wordpress\/der-weg-des-kriegers-1-einfuehrungsabend-27-9-2022\/#primaryimage"},"thumbnailUrl":"https:\/\/mlrihigbn6vo.i.optimole.com\/w:auto\/h:auto\/q:mauto\/f:best\/ig:avif\/https:\/\/www.schule-bewusstsein.com\/Wordpress\/wp-content\/uploads\/2022\/09\/lehrer-bild1.png","datePublished":"2022-09-20T19:02:52+00:00","dateModified":"2022-11-10T14:34:17+00:00","breadcrumb":{"@id":"https:\/\/www.schule-bewusstsein.com\/Wordpress\/der-weg-des-kriegers-1-einfuehrungsabend-27-9-2022\/#breadcrumb"},"inLanguage":"de","potentialAction":[{"@type":"ReadAction","target":["https:\/\/www.schule-bewusstsein.com\/Wordpress\/der-weg-des-kriegers-1-einfuehrungsabend-27-9-2022\/"]}]},{"@type":"ImageObject","inLanguage":"de","@id":"https:\/\/www.schule-bewusstsein.com\/Wordpress\/der-weg-des-kriegers-1-einfuehrungsabend-27-9-2022\/#primaryimage","url":"https:\/\/mlrihigbn6vo.i.optimole.com\/w:auto\/h:auto\/q:mauto\/f:best\/ig:avif\/https:\/\/www.schule-bewusstsein.com\/Wordpress\/wp-content\/uploads\/2022\/09\/lehrer-bild1.png","contentUrl":"https:\/\/mlrihigbn6vo.i.optimole.com\/w:auto\/h:auto\/q:mauto\/f:best\/ig:avif\/https:\/\/www.schule-bewusstsein.com\/Wordpress\/wp-content\/uploads\/2022\/09\/lehrer-bild1.png","width":2000,"height":1384},{"@type":"BreadcrumbList","@id":"https:\/\/www.schule-bewusstsein.com\/Wordpress\/der-weg-des-kriegers-1-einfuehrungsabend-27-9-2022\/#breadcrumb","itemListElement":[{"@type":"ListItem","position":1,"name":"Startseite","item":"https:\/\/www.schule-bewusstsein.com\/Wordpress\/"},{"@type":"ListItem","position":2,"name":"Der Weg des Kriegers 1.Einf\u00fchrungsabend 29.9.2022"}]},{"@type":"WebSite","@id":"https:\/\/www.schule-bewusstsein.com\/Wordpress\/#website","url":"https:\/\/www.schule-bewusstsein.com\/Wordpress\/","name":"Wiener Schule f\u00fcr Bewusstsein","description":"","publisher":{"@id":"https:\/\/www.schule-bewusstsein.com\/Wordpress\/#organization"},"potentialAction":[{"@type":"SearchAction","target":{"@type":"EntryPoint","urlTemplate":"https:\/\/www.schule-bewusstsein.com\/Wordpress\/?s={search_term_string}"},"query-input":{"@type":"PropertyValueSpecification","valueRequired":true,"valueName":"search_term_string"}}],"inLanguage":"de"},{"@type":"Organization","@id":"https:\/\/www.schule-bewusstsein.com\/Wordpress\/#organization","name":"Wiener Schule f\u00fcr Bewusstsein","url":"https:\/\/www.schule-bewusstsein.com\/Wordpress\/","logo":{"@type":"ImageObject","inLanguage":"de","@id":"https:\/\/www.schule-bewusstsein.com\/Wordpress\/#\/schema\/logo\/image\/","url":"https:\/\/mlrihigbn6vo.i.optimole.com\/w:auto\/h:auto\/q:mauto\/f:best\/ig:avif\/https:\/\/www.schule-bewusstsein.com\/Wordpress\/wp-content\/uploads\/2022\/02\/LOGO-Schule-bunt-e1644674888998.png","contentUrl":"https:\/\/mlrihigbn6vo.i.optimole.com\/w:auto\/h:auto\/q:mauto\/f:best\/ig:avif\/https:\/\/www.schule-bewusstsein.com\/Wordpress\/wp-content\/uploads\/2022\/02\/LOGO-Schule-bunt-e1644674888998.png","width":500,"height":500,"caption":"Wiener Schule f\u00fcr Bewusstsein"},"image":{"@id":"https:\/\/www.schule-bewusstsein.com\/Wordpress\/#\/schema\/logo\/image\/"}},{"@type":"Person","@id":"https:\/\/www.schule-bewusstsein.com\/Wordpress\/#\/schema\/person\/a1cd9df61da100ee6afb917a9c9aedb5","name":"wordpressadmin","image":{"@type":"ImageObject","inLanguage":"de","@id":"https:\/\/secure.gravatar.com\/avatar\/364e1b06778741f8f809346e058b6cbce4ac9d3ec6b22bbe760108adf0892217?s=96&d=mm&r=g","url":"https:\/\/secure.gravatar.com\/avatar\/364e1b06778741f8f809346e058b6cbce4ac9d3ec6b22bbe760108adf0892217?s=96&d=mm&r=g","contentUrl":"https:\/\/secure.gravatar.com\/avatar\/364e1b06778741f8f809346e058b6cbce4ac9d3ec6b22bbe760108adf0892217?s=96&d=mm&r=g","caption":"wordpressadmin"},"url":"https:\/\/www.schule-bewusstsein.com\/Wordpress\/author\/wordpressadmin\/"}]}},"_links":{"self":[{"href":"https:\/\/www.schule-bewusstsein.com\/Wordpress\/wp-json\/wp\/v2\/posts\/860","targetHints":{"allow":["GET"]}}],"collection":[{"href":"https:\/\/www.schule-bewusstsein.com\/Wordpress\/wp-json\/wp\/v2\/posts"}],"about":[{"href":"https:\/\/www.schule-bewusstsein.com\/Wordpress\/wp-json\/wp\/v2\/types\/post"}],"author":[{"embeddable":true,"href":"https:\/\/www.schule-bewusstsein.com\/Wordpress\/wp-json\/wp\/v2\/users\/1"}],"replies":[{"embeddable":true,"href":"https:\/\/www.schule-bewusstsein.com\/Wordpress\/wp-json\/wp\/v2\/comments?post=860"}],"version-history":[{"count":6,"href":"https:\/\/www.schule-bewusstsein.com\/Wordpress\/wp-json\/wp\/v2\/posts\/860\/revisions"}],"predecessor-version":[{"id":976,"href":"https:\/\/www.schule-bewusstsein.com\/Wordpress\/wp-json\/wp\/v2\/posts\/860\/revisions\/976"}],"wp:featuredmedia":[{"embeddable":true,"href":"https:\/\/www.schule-bewusstsein.com\/Wordpress\/wp-json\/wp\/v2\/media\/864"}],"wp:attachment":[{"href":"https:\/\/www.schule-bewusstsein.com\/Wordpress\/wp-json\/wp\/v2\/media?parent=860"}],"wp:term":[{"taxonomy":"category","embeddable":true,"href":"https:\/\/www.schule-bewusstsein.com\/Wordpress\/wp-json\/wp\/v2\/categories?post=860"},{"taxonomy":"post_tag","embeddable":true,"href":"https:\/\/www.schule-bewusstsein.com\/Wordpress\/wp-json\/wp\/v2\/tags?post=860"}],"curies":[{"name":"wp","href":"https:\/\/api.w.org\/{rel}","templated":true}]}}